{"id":24080,"date":"2025-08-25T10:06:17","date_gmt":"2025-08-25T10:06:17","guid":{"rendered":"https:\/\/radiotemuco.com\/home\/?p=24080"},"modified":"2025-08-25T10:06:17","modified_gmt":"2025-08-25T10:06:17","slug":"equipo-nacional-de-elite-de-carabineros-llega-a-la-araucania-para-investigar-ataque-armado-en-victoria","status":"publish","type":"post","link":"https:\/\/radiotemuco.com\/home\/equipo-nacional-de-elite-de-carabineros-llega-a-la-araucania-para-investigar-ataque-armado-en-victoria\/","title":{"rendered":"Equipo nacional de \u00e9lite de Carabineros llega a La Araucan\u00eda para investigar ataque armado en Victoria"},"content":{"rendered":"<p>Tras el ataque armado ocurrido en la localidad de Selva Oscura, comuna de Victoria, que dej\u00f3 un trabajador fallecido y otro herido, el Estado ha dispuesto un reforzamiento inmediato de las capacidades investigativas en la regi\u00f3n.<\/p>\n<p>El mismo equipo especializado que trabaj\u00f3 en el caso Ca\u00f1ete se traslad\u00f3 hasta La Araucan\u00eda para apoyar las diligencias, encabezado por los jefes nacionales del OS9 y de LABOCAR de Carabineros, quienes ya se desplegaron en la zona dirigiendo el trabajo t\u00e9cnico junto al Ministerio P\u00fablico.<\/p>\n<p>En esta instancia participan el coronel Roberto Saravia, jefe nacional de LABOCAR, y el coronel Francisco Painep\u00e1n, jefe nacional del OS9, quienes junto a sus equipos est\u00e1n desplegando un amplio abanico de recursos especializados: pericias bal\u00edsticas, levantamiento de evidencia tecnol\u00f3gica, an\u00e1lisis de inteligencia y barridos de terreno.<\/p>\n<p>Asimismo, se ha establecido una coordinaci\u00f3n directa con la Polic\u00eda de Investigaciones (PDI), para complementar las diligencias con adem\u00e1s capacidades forenses y de an\u00e1lisis criminal, asegurando que ambas polic\u00edas trabajen en conjunto para dar con los responsables.<\/p>\n<p>El delegado presidencial de La Araucan\u00eda, Eduardo Abdala, y el seremi de Seguridad P\u00fablica, Israel Campusano, sostuvieron una reuni\u00f3n de coordinaci\u00f3n con Carabineros y la PDI, destacando que la presencia de estas unidades de \u00e9lite constituye un reforzamiento sin precedentes en la regi\u00f3n.<\/p>\n<p>\u201cEstamos desplegando recursos extraordinarios, con jefaturas nacionales en terreno y coordinaci\u00f3n entre Carabineros y la PDI, para garantizar que los hechos no queden impunes. El mensaje es claro: el Estado se fortalece ante estos hechos y va a utilizar todas sus capacidades investigativas para dar con los responsables\u201d, se\u00f1al\u00f3 el SEREMI.<\/p>\n<p>Con este despliegue, el Gobierno busca enviar una se\u00f1al categ\u00f3rica: \u201cla violencia ser\u00e1 enfrentada con toda la fuerza del Estado de Derecho\u201d, reforzando las investigaciones con equipos altamente especializados y asegurando que las v\u00edctimas reciban justicia.<\/p>\n","protected":false},"excerpt":{"rendered":"<p>Tras el ataque armado ocurrido en la localidad de Selva Oscura, comuna de Victoria, que dej\u00f3 un trabajador fallecido y otro herido, el Estado ha dispuesto un reforzamiento inmediato de las capacidades investigativas en la regi\u00f3n. El mismo equipo especializado que trabaj\u00f3 en el caso Ca\u00f1ete se traslad\u00f3 hasta La Araucan\u00eda para apoyar las diligencias, encabezado por los jefes nacionales del OS9 y de LABOCAR de Carabineros, quienes ya se desplegaron en la zona dirigiendo el trabajo t\u00e9cnico junto al Ministerio P\u00fablico. En esta instancia participan el coronel Roberto Saravia, jefe nacional de LABOCAR, y el coronel Francisco Painep\u00e1n, jefe nacional [&hellip;]<\/p>\n","protected":false},"author":2,"featured_media":24081,"comment_status":"closed","ping_status":"open","sticky":false,"template":"","format":"standard","meta":{"_crdt_document":"","_monsterinsights_skip_tracking":false,"_monsterinsights_sitenote_active":false,"_monsterinsights_sitenote_note":"","_monsterinsights_sitenote_category":0,"_jetpack_memberships_contains_paid_content":false,"footnotes":""},"categories":[8,7,2],"tags":[],"class_list":["post-24080","post","type-post","status-publish","format-standard","has-post-thumbnail","hentry","category-internacional","category-nacional","category-regionales"],"jetpack_featured_media_url":"https:\/\/radiotemuco.com\/home\/wp-content\/uploads\/2025\/08\/WhatsApp-Image-2025-08-24-at-21.28.08.jpeg","jetpack_sharing_enabled":true,"_links":{"self":[{"href":"https:\/\/radiotemuco.com\/home\/wp-json\/wp\/v2\/posts\/24080","targetHints":{"allow":["GET"]}}],"collection":[{"href":"https:\/\/radiotemuco.com\/home\/wp-json\/wp\/v2\/posts"}],"about":[{"href":"https:\/\/radiotemuco.com\/home\/wp-json\/wp\/v2\/types\/post"}],"author":[{"embeddable":true,"href":"https:\/\/radiotemuco.com\/home\/wp-json\/wp\/v2\/users\/2"}],"replies":[{"embeddable":true,"href":"https:\/\/radiotemuco.com\/home\/wp-json\/wp\/v2\/comments?post=24080"}],"version-history":[{"count":1,"href":"https:\/\/radiotemuco.com\/home\/wp-json\/wp\/v2\/posts\/24080\/revisions"}],"predecessor-version":[{"id":24082,"href":"https:\/\/radiotemuco.com\/home\/wp-json\/wp\/v2\/posts\/24080\/revisions\/24082"}],"wp:featuredmedia":[{"embeddable":true,"href":"https:\/\/radiotemuco.com\/home\/wp-json\/wp\/v2\/media\/24081"}],"wp:attachment":[{"href":"https:\/\/radiotemuco.com\/home\/wp-json\/wp\/v2\/media?parent=24080"}],"wp:term":[{"taxonomy":"category","embeddable":true,"href":"https:\/\/radiotemuco.com\/home\/wp-json\/wp\/v2\/categories?post=24080"},{"taxonomy":"post_tag","embeddable":true,"href":"https:\/\/radiotemuco.com\/home\/wp-json\/wp\/v2\/tags?post=24080"}],"curies":[{"name":"wp","href":"https:\/\/api.w.org\/{rel}","templated":true}]}}