{"id":24076,"date":"2025-08-25T09:59:23","date_gmt":"2025-08-25T09:59:23","guid":{"rendered":"https:\/\/radiotemuco.com\/home\/?p=24076"},"modified":"2025-08-25T09:59:23","modified_gmt":"2025-08-25T09:59:23","slug":"sofo-condena-asesinato-a-trabajador-de-cmpc-ocurrido-este-fin-de-semana","status":"publish","type":"post","link":"https:\/\/radiotemuco.com\/home\/sofo-condena-asesinato-a-trabajador-de-cmpc-ocurrido-este-fin-de-semana\/","title":{"rendered":"SOFO condena asesinato a trabajador de CMPC ocurrido este fin de semana"},"content":{"rendered":"<p>A traves de un comunicado publico la Sociedad de Fomnto Agricola expres\u00f3 su condena al nuevo atentado en La regi\u00f3n con resultado de muerte de un trabajador.<\/p>\n<p>La Araucan\u00eda est\u00e1 de luto, nuestra regi\u00f3n vuelve a sufrir un terrible asesinato. Entregamos nuestras condolencias a la familia de Manuel Le\u00f3n Urra, guardia de CMPC de 60 a\u00f1os, asesinado tras un violento ataque ocurrido en la comuna de Victoria.<\/p>\n<p>Llamamos a todas las organizaciones p\u00fablicas y privadas a condenar con fuerza estos hechos y exigimos a la autoridad capturar los responsables y poner fin a la violencia que enluta a nuestra regi\u00f3n.<\/p>\n<p>SOFO, junto con solidarizar con las familias de los trabajadores afectados, y con la empresa a la cual prestaban servicios estas v\u00edctimas, condena este tipo de acciones de quienes buscan por la fuerza imponer sus ideas.<\/p>\n<p>SOCIEDAD DE FOMENTO AGR\u00cdCOLA DE TEMUCO A.G.<\/p>\n","protected":false},"excerpt":{"rendered":"<p>A traves de un comunicado publico la Sociedad de Fomnto Agricola expres\u00f3 su condena al nuevo atentado en La regi\u00f3n con resultado de muerte de un trabajador. La Araucan\u00eda est\u00e1 de luto, nuestra regi\u00f3n vuelve a sufrir un terrible asesinato. Entregamos nuestras condolencias a la familia de Manuel Le\u00f3n Urra, guardia de CMPC de 60 a\u00f1os, asesinado tras un violento ataque ocurrido en la comuna de Victoria. Llamamos a todas las organizaciones p\u00fablicas y privadas a condenar con fuerza estos hechos y exigimos a la autoridad capturar los responsables y poner fin a la violencia que enluta a nuestra regi\u00f3n. SOFO, [&hellip;]<\/p>\n","protected":false},"author":2,"featured_media":24077,"comment_status":"closed","ping_status":"open","sticky":false,"template":"","format":"standard","meta":{"_crdt_document":"","_monsterinsights_skip_tracking":false,"_monsterinsights_sitenote_active":false,"_monsterinsights_sitenote_note":"","_monsterinsights_sitenote_category":0,"_jetpack_memberships_contains_paid_content":false,"footnotes":""},"categories":[8,7,2],"tags":[],"class_list":["post-24076","post","type-post","status-publish","format-standard","has-post-thumbnail","hentry","category-internacional","category-nacional","category-regionales"],"jetpack_featured_media_url":"https:\/\/radiotemuco.com\/home\/wp-content\/uploads\/2025\/08\/22-scaled.jpg","jetpack_sharing_enabled":true,"_links":{"self":[{"href":"https:\/\/radiotemuco.com\/home\/wp-json\/wp\/v2\/posts\/24076","targetHints":{"allow":["GET"]}}],"collection":[{"href":"https:\/\/radiotemuco.com\/home\/wp-json\/wp\/v2\/posts"}],"about":[{"href":"https:\/\/radiotemuco.com\/home\/wp-json\/wp\/v2\/types\/post"}],"author":[{"embeddable":true,"href":"https:\/\/radiotemuco.com\/home\/wp-json\/wp\/v2\/users\/2"}],"replies":[{"embeddable":true,"href":"https:\/\/radiotemuco.com\/home\/wp-json\/wp\/v2\/comments?post=24076"}],"version-history":[{"count":1,"href":"https:\/\/radiotemuco.com\/home\/wp-json\/wp\/v2\/posts\/24076\/revisions"}],"predecessor-version":[{"id":24078,"href":"https:\/\/radiotemuco.com\/home\/wp-json\/wp\/v2\/posts\/24076\/revisions\/24078"}],"wp:featuredmedia":[{"embeddable":true,"href":"https:\/\/radiotemuco.com\/home\/wp-json\/wp\/v2\/media\/24077"}],"wp:attachment":[{"href":"https:\/\/radiotemuco.com\/home\/wp-json\/wp\/v2\/media?parent=24076"}],"wp:term":[{"taxonomy":"category","embeddable":true,"href":"https:\/\/radiotemuco.com\/home\/wp-json\/wp\/v2\/categories?post=24076"},{"taxonomy":"post_tag","embeddable":true,"href":"https:\/\/radiotemuco.com\/home\/wp-json\/wp\/v2\/tags?post=24076"}],"curies":[{"name":"wp","href":"https:\/\/api.w.org\/{rel}","templated":true}]}}