{"id":24058,"date":"2025-08-22T11:00:02","date_gmt":"2025-08-22T11:00:02","guid":{"rendered":"https:\/\/radiotemuco.com\/home\/?p=24058"},"modified":"2025-08-22T11:00:02","modified_gmt":"2025-08-22T11:00:02","slug":"autoridades-regionales-se-unen-a-jornada-presentes-contra-la-violencia","status":"publish","type":"post","link":"https:\/\/radiotemuco.com\/home\/autoridades-regionales-se-unen-a-jornada-presentes-contra-la-violencia\/","title":{"rendered":"Autoridades regionales se unen a jornada \u201cPresentes contra la violencia\u201d"},"content":{"rendered":"<p>Atendiendo a lamentables episodios ocurridos durante el a\u00f1o en algunos establecimientos educacionales y sus entornos, el Ministerio de Educaci\u00f3n convoc\u00f3 a la\u00a0<strong>Jornada Nacional \u201cPresentes contra la violencia\u201d<\/strong>, que se realiz\u00f3 en dependencias de la Escuela Villa Carolina de Temuco, en la que estudiantes y autoridades regionales, pudieron reflexionar y comprometerse con la construcci\u00f3n de espacios educativos de cuidado y bienestar.<\/p>\n<p>La seremi de Educaci\u00f3n, Marcela Castro Armijo, explic\u00f3 que \u201cestamos haciendo el hito nacional en una escuela que ha tenido un avance importante en convivencia educativa y aprendizajes, lo destacamos pues todo esto va de la mano para establecer espacios m\u00e1s seguros y enriquecedores (\u2026) pues como lo he dicho antes la Educaci\u00f3n y la convivencia educativa no es solo tarea del ministerio sino transversal a toda la sociedad\u201d.<\/p>\n<p>Al respecto, Israel Campusano seremi de Seguridad P\u00fablica sostuvo que esta instancia esta actividad es de las m\u00e1s importantes en las que ha participado al poder escuchar a los estudiantes y dejando de lado la tradicional mirada adultoc\u00e9ntrica con la finalidad de dialogar sobre la violencia como un problema multifactorial por lo que es relevante que autoridades como deporte, y juventud se sumen.<\/p>\n<p>Desde el establecimiento, Felipe Buchacan de 7\u00b0 B\u00e1sico en representaci\u00f3n de los estudiantes indic\u00f3 \u201csiento que nos est\u00e1n escuchando a los alumnos e importa mucho nuestra opini\u00f3n (\u2026)situaciones como las que ocurren en los ba\u00f1os donde mejorar pestillos y uso del agua ser\u00eda uno de los aspectos que desde la mirada estudiantil es necesario mejorar\u201d, en tanto, el director, Cristian Quijada destac\u00f3 que la escuela haya sido elegida para la actividad dado que est\u00e1 emplazada en un sector vulnerable \u201cnosotros como escuela estamos implementado acciones de prevenci\u00f3n de la violencia que se registra en los barrios\u201d.<\/p>\n<p>Para, Lilia Concha, directora del CPEIP Mineduc, esta es una oportunidad donde la comunidad educativa se re\u00fane para sacar conclusiones sobre como conformar comunidades educativas que se respeta y cuida generado condiciones propicias para el aprendizaje. \u201cLas escuelas no est\u00e1n ajenas de los procesos sociales y complejidades que el pa\u00eds enfrenta, por lo que debe ser el principal lugar de reflexi\u00f3n\u201d, puntualiz\u00f3.<\/p>\n<p><strong>Acciones por la convivencia educativa<\/strong><\/p>\n<p>La Jornada Nacional \u201cPresentes contra la violencia\u201d se suma a distintas acciones que el Mineduc ha impulsado en esta materia. Una de ellas es el\u00a0<strong>proyecto de ley de convivencia, buen trato y bienestar de las comunidades educativas<\/strong>, que est\u00e1 en tramitaci\u00f3n en el Congreso y que propone un nuevo est\u00e1ndar para la gesti\u00f3n interna de la convivencia, recogiendo propuestas de otras mociones presentadas a prop\u00f3sito de los tr\u00e1gicos casos de los estudiantes Katy Winter y Jos\u00e9 Mat\u00edas, y de la profesora de Antofagasta Katherine Yoma.<\/p>\n<p>Otra iniciativa es el\u00a0<strong>Programa Comunidades Educativas Protegidas<\/strong>, que se enfoca en la prevenci\u00f3n y abordaje de la violencia en contextos educativos de 66 comunas priorizadas,siendo 1 en La Araucan\u00eda, trabajando para fortalecer la convivencia escolar y promover el bienestar socioemocional.<\/p>\n<p>Tambi\u00e9n se est\u00e1n implementando los\u00a0<strong>Patrullajes Preventivos Inteligentes<\/strong>\u00a0en entornos educativos, en 44 comunas priorizadas del pa\u00eds,siendo 1 en la regi\u00f3n, \u00a0una innovadora soluci\u00f3n tecnol\u00f3gica que utiliza inteligencia artificial para optimizar la seguridad alrededor de establecimientos educacionales, usando una plataforma de gesti\u00f3n operativa desarrollada por la Subsecretar\u00eda de Prevenci\u00f3n del Delito.<\/p>\n<p>Adem\u00e1s, el Mineduc est\u00e1 aplicando el\u00a0<strong>Programa A Convivir se Aprende<\/strong>, que fortalece los equipos de gesti\u00f3n y de convivencia escolar de los establecimientos subvencionados para prevenir situaciones de violencia, que el a\u00f1o pasado trabaj\u00f3 en 149 comunas, 8 de ellas corresponden a La Araucan\u00eda, apoyando a m\u00e1s de 1.760 comunidades educativas; y el\u00a0<strong>Programa Habilidades para la Vida<\/strong>, que busca promover el autocuidado, el bienestar y la convivencia dentro de las comunidades educativas, beneficiando a 69 mil estudiantes en la regi\u00f3n\u00a0. Y en mayo de 2024 se actualiz\u00f3 la\u00a0<strong>Pol\u00edtica Nacional de Convivencia Educativa<\/strong>, instrumento que establece un nuevo marco de acci\u00f3n respecto al aprendizaje socioemocional.<\/p>\n","protected":false},"excerpt":{"rendered":"<p>Atendiendo a lamentables episodios ocurridos durante el a\u00f1o en algunos establecimientos educacionales y sus entornos, el Ministerio de Educaci\u00f3n convoc\u00f3 a la\u00a0Jornada Nacional \u201cPresentes contra la violencia\u201d, que se realiz\u00f3 en dependencias de la Escuela Villa Carolina de Temuco, en la que estudiantes y autoridades regionales, pudieron reflexionar y comprometerse con la construcci\u00f3n de espacios educativos de cuidado y bienestar. La seremi de Educaci\u00f3n, Marcela Castro Armijo, explic\u00f3 que \u201cestamos haciendo el hito nacional en una escuela que ha tenido un avance importante en convivencia educativa y aprendizajes, lo destacamos pues todo esto va de la mano para establecer espacios m\u00e1s [&hellip;]<\/p>\n","protected":false},"author":2,"featured_media":24059,"comment_status":"closed","ping_status":"open","sticky":false,"template":"","format":"standard","meta":{"_crdt_document":"","_monsterinsights_skip_tracking":false,"_monsterinsights_sitenote_active":false,"_monsterinsights_sitenote_note":"","_monsterinsights_sitenote_category":0,"_jetpack_memberships_contains_paid_content":false,"footnotes":""},"categories":[8,7,2],"tags":[],"class_list":["post-24058","post","type-post","status-publish","format-standard","has-post-thumbnail","hentry","category-internacional","category-nacional","category-regionales"],"jetpack_featured_media_url":"https:\/\/radiotemuco.com\/home\/wp-content\/uploads\/2025\/08\/Captura-de-pantalla-2025-08-22-065045.png","jetpack_sharing_enabled":true,"_links":{"self":[{"href":"https:\/\/radiotemuco.com\/home\/wp-json\/wp\/v2\/posts\/24058","targetHints":{"allow":["GET"]}}],"collection":[{"href":"https:\/\/radiotemuco.com\/home\/wp-json\/wp\/v2\/posts"}],"about":[{"href":"https:\/\/radiotemuco.com\/home\/wp-json\/wp\/v2\/types\/post"}],"author":[{"embeddable":true,"href":"https:\/\/radiotemuco.com\/home\/wp-json\/wp\/v2\/users\/2"}],"replies":[{"embeddable":true,"href":"https:\/\/radiotemuco.com\/home\/wp-json\/wp\/v2\/comments?post=24058"}],"version-history":[{"count":1,"href":"https:\/\/radiotemuco.com\/home\/wp-json\/wp\/v2\/posts\/24058\/revisions"}],"predecessor-version":[{"id":24060,"href":"https:\/\/radiotemuco.com\/home\/wp-json\/wp\/v2\/posts\/24058\/revisions\/24060"}],"wp:featuredmedia":[{"embeddable":true,"href":"https:\/\/radiotemuco.com\/home\/wp-json\/wp\/v2\/media\/24059"}],"wp:attachment":[{"href":"https:\/\/radiotemuco.com\/home\/wp-json\/wp\/v2\/media?parent=24058"}],"wp:term":[{"taxonomy":"category","embeddable":true,"href":"https:\/\/radiotemuco.com\/home\/wp-json\/wp\/v2\/categories?post=24058"},{"taxonomy":"post_tag","embeddable":true,"href":"https:\/\/radiotemuco.com\/home\/wp-json\/wp\/v2\/tags?post=24058"}],"curies":[{"name":"wp","href":"https:\/\/api.w.org\/{rel}","templated":true}]}}