{"id":24055,"date":"2025-08-22T10:29:42","date_gmt":"2025-08-22T10:29:42","guid":{"rendered":"https:\/\/radiotemuco.com\/home\/?p=24055"},"modified":"2025-08-22T10:29:42","modified_gmt":"2025-08-22T10:29:42","slug":"mop-finalizo-obras-de-emergencia-en-ruta-que-conecta-las-comunas-de-pitrufquen-y-tolten","status":"publish","type":"post","link":"https:\/\/radiotemuco.com\/home\/mop-finalizo-obras-de-emergencia-en-ruta-que-conecta-las-comunas-de-pitrufquen-y-tolten\/","title":{"rendered":"MOP finaliz\u00f3 obras de emergencia en ruta que conecta las comunas de Pitrufqu\u00e9n y Tolt\u00e9n"},"content":{"rendered":"<p>Luego de tres meses de intenso trabajo, a principios de esta semana, se abri\u00f3 a transito la nueva calzada que devuelve una conectividad normal y segura en la Ruta S-70, que conecta las comunas de Pitrufqu\u00e9n y Tolt\u00e9n. As\u00ed fue informado por el Seremi de Obras P\u00fablicas (S) Marcelo Mu\u00f1oz.<\/p>\n<p>Se trata de una obra que tuvo como objetivo mover el eje de la calzada de manera de alejar el trazado de la ruta de un peligroso socav\u00f3n generado por el rio Tolt\u00e9n y que amenaz\u00f3 la conectividad y la seguridad de\u00a0 los habitantes y usuarios de esta ruta intercomunal. Esta iniciativa se materializ\u00f3 a trav\u00e9s de un nuevo pavimento en concreto asf\u00e1ltico, en una longitud aproximada de 400 metros y con ancho de calzada de 6 metros y un sobre ancho de 1 metro por cada lado de camino.<\/p>\n<p>Asimismo se \u00a0incorporaron \u00a0las respectivas obras de saneamiento, drenaje superficial de la plataforma y seguridad vial, \u00a0\u00a0demarcaci\u00f3n de la v\u00eda, instalaci\u00f3n de tachas reflectantes, barreras met\u00e1licas de contenci\u00f3n y se\u00f1alizaci\u00f3n vertical. El Seremi (S) Marcelo Mu\u00f1oz, inform\u00f3 que, \u201cel pasado d\u00eda lunes, se habilit\u00f3 el tr\u00e1nsito por el nuevo trazado, el cual tiene un 95% de avance; estamos finalizando e instalando los \u00faltimos elementos de seguridad vial, tales como la instalaci\u00f3n de la se\u00f1alizaci\u00f3n vertical y demarcaci\u00f3n de la v\u00eda,\u00a0 adem\u00e1s de cerrar con barreras la antigua calzada de manera de restringir su paso\u201d.<\/p>\n<p>Por \u00faltimo, Marcelo Mu\u00f1oz, dijo estar muy contento, \u201cestamos entregando una obra con m\u00e1s seguridad a los vecinos y usuarios de la Ruta S-70\u201d, asegur\u00f3.<\/p>\n<p>Estos trabajos consideraron una inversi\u00f3n\u00a0 de \u00a01.294 millones de pesos, recursos que fueron financiados con fondos de emergencia de la Direcci\u00f3n de Vialidad del MOP. Cabe destacar que para la ejecuci\u00f3n de estas obras fue necesario la expropiaci\u00f3n de 3 predios particulares de manera de dar cabida a la nueva calzada y alejarla lo m\u00e1s posible del borde rio.<\/p>\n","protected":false},"excerpt":{"rendered":"<p>Luego de tres meses de intenso trabajo, a principios de esta semana, se abri\u00f3 a transito la nueva calzada que devuelve una conectividad normal y segura en la Ruta S-70, que conecta las comunas de Pitrufqu\u00e9n y Tolt\u00e9n. As\u00ed fue informado por el Seremi de Obras P\u00fablicas (S) Marcelo Mu\u00f1oz. Se trata de una obra que tuvo como objetivo mover el eje de la calzada de manera de alejar el trazado de la ruta de un peligroso socav\u00f3n generado por el rio Tolt\u00e9n y que amenaz\u00f3 la conectividad y la seguridad de\u00a0 los habitantes y usuarios de esta ruta intercomunal. Esta [&hellip;]<\/p>\n","protected":false},"author":2,"featured_media":24056,"comment_status":"closed","ping_status":"open","sticky":false,"template":"","format":"standard","meta":{"_crdt_document":"","_monsterinsights_skip_tracking":false,"_monsterinsights_sitenote_active":false,"_monsterinsights_sitenote_note":"","_monsterinsights_sitenote_category":0,"_jetpack_memberships_contains_paid_content":false,"footnotes":""},"categories":[8,7,2],"tags":[],"class_list":["post-24055","post","type-post","status-publish","format-standard","has-post-thumbnail","hentry","category-internacional","category-nacional","category-regionales"],"jetpack_featured_media_url":"https:\/\/radiotemuco.com\/home\/wp-content\/uploads\/2025\/08\/Ruta-S-70-1-scaled.jpg","jetpack_sharing_enabled":true,"_links":{"self":[{"href":"https:\/\/radiotemuco.com\/home\/wp-json\/wp\/v2\/posts\/24055","targetHints":{"allow":["GET"]}}],"collection":[{"href":"https:\/\/radiotemuco.com\/home\/wp-json\/wp\/v2\/posts"}],"about":[{"href":"https:\/\/radiotemuco.com\/home\/wp-json\/wp\/v2\/types\/post"}],"author":[{"embeddable":true,"href":"https:\/\/radiotemuco.com\/home\/wp-json\/wp\/v2\/users\/2"}],"replies":[{"embeddable":true,"href":"https:\/\/radiotemuco.com\/home\/wp-json\/wp\/v2\/comments?post=24055"}],"version-history":[{"count":1,"href":"https:\/\/radiotemuco.com\/home\/wp-json\/wp\/v2\/posts\/24055\/revisions"}],"predecessor-version":[{"id":24057,"href":"https:\/\/radiotemuco.com\/home\/wp-json\/wp\/v2\/posts\/24055\/revisions\/24057"}],"wp:featuredmedia":[{"embeddable":true,"href":"https:\/\/radiotemuco.com\/home\/wp-json\/wp\/v2\/media\/24056"}],"wp:attachment":[{"href":"https:\/\/radiotemuco.com\/home\/wp-json\/wp\/v2\/media?parent=24055"}],"wp:term":[{"taxonomy":"category","embeddable":true,"href":"https:\/\/radiotemuco.com\/home\/wp-json\/wp\/v2\/categories?post=24055"},{"taxonomy":"post_tag","embeddable":true,"href":"https:\/\/radiotemuco.com\/home\/wp-json\/wp\/v2\/tags?post=24055"}],"curies":[{"name":"wp","href":"https:\/\/api.w.org\/{rel}","templated":true}]}}