{"id":24052,"date":"2025-08-22T10:19:00","date_gmt":"2025-08-22T10:19:00","guid":{"rendered":"https:\/\/radiotemuco.com\/home\/?p=24052"},"modified":"2025-08-22T10:19:00","modified_gmt":"2025-08-22T10:19:00","slug":"academico-de-derecho-ust-temuco-es-entrevistado-por-la-prestigiosa-law-society-association","status":"publish","type":"post","link":"https:\/\/radiotemuco.com\/home\/academico-de-derecho-ust-temuco-es-entrevistado-por-la-prestigiosa-law-society-association\/","title":{"rendered":"Acad\u00e9mico de Derecho UST Temuco es entrevistado por la prestigiosa Law &#038; Society Association"},"content":{"rendered":"<p>La organizaci\u00f3n m\u00e1s prestigiosa a nivel internacional que promueve el estudio interdisciplinario del derecho, la <em>Law &amp; Society Association<\/em> (LSA), entrevist\u00f3 al Dr. Jo\u00e3o Vitor Cardoso, acad\u00e9mico de la Escuela de Derecho de la Universidad Santo Tom\u00e1s Temuco, destacando su liderazgo en el rescate de la tradici\u00f3n chilena de Derecho y Sociedad, un campo interrumpido durante la dictadura y que hoy vuelve a cobrar fuerza gracias a su trabajo acad\u00e9mico y al desarrollo del Programa de Derecho &amp; Sociedad.<\/p>\n<p>La entrevista dio cuenta de c\u00f3mo el Dr. Cardoso, junto al profesor Salvador Millaleo de la Universidad de Chile, han impulsado la reactivaci\u00f3n de este movimiento a trav\u00e9s del Programa de Derecho &amp; Sociedad, que reuni\u00f3 a estudiantes y acad\u00e9micos de Chile, Brasil, Per\u00fa, Bolivia, China y Estados Unidos. Durante ocho semanas, los participantes abordaron temas como pluralismo jur\u00eddico, derechos ind\u00edgenas, cultura jur\u00eddica y derecho y desarrollo, en talleres h\u00edbridos que marcaron un antes y un despu\u00e9s para muchos j\u00f3venes investigadores.<\/p>\n<p>La iniciativa busca revitalizar el movimiento chileno de Derecho y Sociedad, y rescatar la memoria de los acad\u00e9micos que impulsaron esta tradici\u00f3n desde mediados del siglo XX.<\/p>\n<p>\u201cEl objetivo de este programa es unir a investigadores de todo Chile, compartir conocimiento sobre nuestra historia sociojur\u00eddica y fomentar el pensamiento cr\u00edtico en torno al derecho y la sociedad\u201d, se\u00f1al\u00f3 el Dr. Cardoso, quien destac\u00f3 adem\u00e1s la importancia de la mentor\u00eda entre acad\u00e9micos de distintas regiones del pa\u00eds.<\/p>\n<p>En la entrevista, el Dr. Cardoso aludi\u00f3 a la acogida de ideas provenientes del movimiento derecho &amp; sociedad en los a\u00f1os 70 durante el quiebre democr\u00e1tico en el pa\u00eds. \u201cEl caso chileno demuestra c\u00f3mo el instrumentalismo jur\u00eddico, por ejemplo, tambi\u00e9n puede tener consecuencias no previstas cuando se abstrae de los contextos locales\u201d.<\/p>\n<p>La LSA, que promueve el estudio interdisciplinario del derecho en m\u00faltiples contextos sociales, reconoci\u00f3 el valor del programa, subrayando su contribuci\u00f3n al desarrollo del pensamiento sociojur\u00eddico en Latinoam\u00e9rica y su relevancia para la investigaci\u00f3n global en derecho y sociedad.<\/p>\n<p>\u201cEl di\u00e1logo entre la tradici\u00f3n acad\u00e9mica chilena y la experiencia internacional fortalece la comprensi\u00f3n del impacto human\u00edstico del derecho y abre nuevas oportunidades para la investigaci\u00f3n colaborativa\u201d, concluy\u00f3 el Dr. Cardoso.<\/p>\n<p>El programa, adem\u00e1s de talleres, busca generar publicaciones y consolidar una Asociaci\u00f3n Chilena de Derecho y Sociedad, con el objetivo de atraer financiamiento y fortalecer la investigaci\u00f3n en este campo en el pa\u00eds.<\/p>\n","protected":false},"excerpt":{"rendered":"<p>La organizaci\u00f3n m\u00e1s prestigiosa a nivel internacional que promueve el estudio interdisciplinario del derecho, la Law &amp; Society Association (LSA), entrevist\u00f3 al Dr. Jo\u00e3o Vitor Cardoso, acad\u00e9mico de la Escuela de Derecho de la Universidad Santo Tom\u00e1s Temuco, destacando su liderazgo en el rescate de la tradici\u00f3n chilena de Derecho y Sociedad, un campo interrumpido durante la dictadura y que hoy vuelve a cobrar fuerza gracias a su trabajo acad\u00e9mico y al desarrollo del Programa de Derecho &amp; Sociedad. La entrevista dio cuenta de c\u00f3mo el Dr. Cardoso, junto al profesor Salvador Millaleo de la Universidad de Chile, han impulsado la [&hellip;]<\/p>\n","protected":false},"author":2,"featured_media":24053,"comment_status":"closed","ping_status":"open","sticky":false,"template":"","format":"standard","meta":{"_crdt_document":"","_monsterinsights_skip_tracking":false,"_monsterinsights_sitenote_active":false,"_monsterinsights_sitenote_note":"","_monsterinsights_sitenote_category":0,"_jetpack_memberships_contains_paid_content":false,"footnotes":""},"categories":[8,7,2],"tags":[],"class_list":["post-24052","post","type-post","status-publish","format-standard","has-post-thumbnail","hentry","category-internacional","category-nacional","category-regionales"],"jetpack_featured_media_url":"https:\/\/radiotemuco.com\/home\/wp-content\/uploads\/2025\/08\/Joao-Cardoso-scaled.jpeg","jetpack_sharing_enabled":true,"_links":{"self":[{"href":"https:\/\/radiotemuco.com\/home\/wp-json\/wp\/v2\/posts\/24052","targetHints":{"allow":["GET"]}}],"collection":[{"href":"https:\/\/radiotemuco.com\/home\/wp-json\/wp\/v2\/posts"}],"about":[{"href":"https:\/\/radiotemuco.com\/home\/wp-json\/wp\/v2\/types\/post"}],"author":[{"embeddable":true,"href":"https:\/\/radiotemuco.com\/home\/wp-json\/wp\/v2\/users\/2"}],"replies":[{"embeddable":true,"href":"https:\/\/radiotemuco.com\/home\/wp-json\/wp\/v2\/comments?post=24052"}],"version-history":[{"count":1,"href":"https:\/\/radiotemuco.com\/home\/wp-json\/wp\/v2\/posts\/24052\/revisions"}],"predecessor-version":[{"id":24054,"href":"https:\/\/radiotemuco.com\/home\/wp-json\/wp\/v2\/posts\/24052\/revisions\/24054"}],"wp:featuredmedia":[{"embeddable":true,"href":"https:\/\/radiotemuco.com\/home\/wp-json\/wp\/v2\/media\/24053"}],"wp:attachment":[{"href":"https:\/\/radiotemuco.com\/home\/wp-json\/wp\/v2\/media?parent=24052"}],"wp:term":[{"taxonomy":"category","embeddable":true,"href":"https:\/\/radiotemuco.com\/home\/wp-json\/wp\/v2\/categories?post=24052"},{"taxonomy":"post_tag","embeddable":true,"href":"https:\/\/radiotemuco.com\/home\/wp-json\/wp\/v2\/tags?post=24052"}],"curies":[{"name":"wp","href":"https:\/\/api.w.org\/{rel}","templated":true}]}}