{"id":24042,"date":"2025-08-21T10:03:52","date_gmt":"2025-08-21T10:03:52","guid":{"rendered":"https:\/\/radiotemuco.com\/home\/?p=24042"},"modified":"2025-08-21T10:03:52","modified_gmt":"2025-08-21T10:03:52","slug":"zona-nororiente-de-temuco-mejorara-conectividad-con-instalacion-de-nuevo-cruce-semaforizado","status":"publish","type":"post","link":"https:\/\/radiotemuco.com\/home\/zona-nororiente-de-temuco-mejorara-conectividad-con-instalacion-de-nuevo-cruce-semaforizado\/","title":{"rendered":"Zona nororiente de Temuco mejorar\u00e1 conectividad con instalaci\u00f3n de nuevo cruce semaforizado"},"content":{"rendered":"<p>La Unidad Operativa de Control de Tr\u00e1nsito (UOCT) de la regi\u00f3n de La Araucan\u00eda inform\u00f3 el funcionamiento de los sem\u00e1foros ubicados en la intersecci\u00f3n de Av. Gabriela Mistral con calle Recreo al Centro de Control de Tr\u00e1nsito regional, sumando as\u00ed un nuevo punto estrat\u00e9gico a la red coordinada que actualmente opera en la comuna.<\/p>\n<p>Un nuevo cruce que, adem\u00e1s, se integrar\u00e1 al sistema mediante tecnolog\u00eda 4G, lo que permitir\u00e1 su monitoreo y operaci\u00f3n remota en tiempo real, aportando as\u00ed a mejorar los tiempos de desplazamientos de hasta un 15%, sobre todo para quienes transitan entre las avenidas Pedro de Valdivia, Andes y hacia Fundo El Carmen hacia el centro de la ciudad.<\/p>\n<p>La habilitaci\u00f3n de estos sem\u00e1foros es especialmente relevante, ya que responde a condiciones viales que requer\u00edan mayor ordenamiento y seguridad. En este sentido, la intersecci\u00f3n contempla pasos peatonales y una ciclov\u00eda, elementos clave que permiten mejorar la continuidad del desplazamiento seguro para peatones y ciclistas, especialmente en conexi\u00f3n con el bandej\u00f3n del parque, donde se ubica parte importante de la infraestructura ciclista comunal.<\/p>\n<p>\u201cEste nuevo cruce aporta considerablemente a la fluidez vehicular en un sector conectado a una arteria principal como Av. Pedro de Valdivia, adem\u00e1s contribuye de forma concreta a la seguridad vial y al ordenamiento de todos los modos de transporte presentes en el \u00e1rea\u201d, se\u00f1al\u00f3 Mary Valdebenito, seremi de Transportes y Telecomunicaciones.<\/p>\n<p>El proyecto fue licitado por la Direcci\u00f3n de Tr\u00e1nsito de la Municipalidad de Temuco, entidad mandante de esta iniciativa, la cual destin\u00f3 una inversi\u00f3n aproximada de $98 millones. Y, por otra parte, tuvo la asesor\u00eda t\u00e9cnica de la Unidad Operativa de Control de Tr\u00e1nsito (UOCT), permitiendo su operaci\u00f3n remota seg\u00fan necesidades ciudadanas, franjas horarias y temporadas del a\u00f1o.<\/p>\n<p>Finalmente, este avance se enmarca en un conjunto de proyectos de semaforizaci\u00f3n impulsados para la comuna. S\u00f3lo como ejemplo, en el contexto regional, La Araucan\u00eda suma ya 332 intersecciones semaforizadas, de las cuales 64,76\u202f% est\u00e1n conectadas al sistema de la UOCT, consolidando una red inteligente y robusta orientada a mejorar la seguridad y eficiencia vial. En los pr\u00f3ximos meses, nuevas intersecciones pasar\u00e1n a formar parte del Sistema de Control, fortaleciendo a\u00fan m\u00e1s la gesti\u00f3n de tr\u00e1nsito en la regi\u00f3n.<\/p>\n","protected":false},"excerpt":{"rendered":"<p>La Unidad Operativa de Control de Tr\u00e1nsito (UOCT) de la regi\u00f3n de La Araucan\u00eda inform\u00f3 el funcionamiento de los sem\u00e1foros ubicados en la intersecci\u00f3n de Av. Gabriela Mistral con calle Recreo al Centro de Control de Tr\u00e1nsito regional, sumando as\u00ed un nuevo punto estrat\u00e9gico a la red coordinada que actualmente opera en la comuna. Un nuevo cruce que, adem\u00e1s, se integrar\u00e1 al sistema mediante tecnolog\u00eda 4G, lo que permitir\u00e1 su monitoreo y operaci\u00f3n remota en tiempo real, aportando as\u00ed a mejorar los tiempos de desplazamientos de hasta un 15%, sobre todo para quienes transitan entre las avenidas Pedro de Valdivia, Andes [&hellip;]<\/p>\n","protected":false},"author":2,"featured_media":24043,"comment_status":"closed","ping_status":"open","sticky":false,"template":"","format":"standard","meta":{"_crdt_document":"","_monsterinsights_skip_tracking":false,"_monsterinsights_sitenote_active":false,"_monsterinsights_sitenote_note":"","_monsterinsights_sitenote_category":0,"_jetpack_memberships_contains_paid_content":false,"footnotes":""},"categories":[8,7,2],"tags":[],"class_list":["post-24042","post","type-post","status-publish","format-standard","has-post-thumbnail","hentry","category-internacional","category-nacional","category-regionales"],"jetpack_featured_media_url":"https:\/\/radiotemuco.com\/home\/wp-content\/uploads\/2025\/08\/Captura-de-pantalla-2025-08-21-060041.png","jetpack_sharing_enabled":true,"_links":{"self":[{"href":"https:\/\/radiotemuco.com\/home\/wp-json\/wp\/v2\/posts\/24042","targetHints":{"allow":["GET"]}}],"collection":[{"href":"https:\/\/radiotemuco.com\/home\/wp-json\/wp\/v2\/posts"}],"about":[{"href":"https:\/\/radiotemuco.com\/home\/wp-json\/wp\/v2\/types\/post"}],"author":[{"embeddable":true,"href":"https:\/\/radiotemuco.com\/home\/wp-json\/wp\/v2\/users\/2"}],"replies":[{"embeddable":true,"href":"https:\/\/radiotemuco.com\/home\/wp-json\/wp\/v2\/comments?post=24042"}],"version-history":[{"count":1,"href":"https:\/\/radiotemuco.com\/home\/wp-json\/wp\/v2\/posts\/24042\/revisions"}],"predecessor-version":[{"id":24044,"href":"https:\/\/radiotemuco.com\/home\/wp-json\/wp\/v2\/posts\/24042\/revisions\/24044"}],"wp:featuredmedia":[{"embeddable":true,"href":"https:\/\/radiotemuco.com\/home\/wp-json\/wp\/v2\/media\/24043"}],"wp:attachment":[{"href":"https:\/\/radiotemuco.com\/home\/wp-json\/wp\/v2\/media?parent=24042"}],"wp:term":[{"taxonomy":"category","embeddable":true,"href":"https:\/\/radiotemuco.com\/home\/wp-json\/wp\/v2\/categories?post=24042"},{"taxonomy":"post_tag","embeddable":true,"href":"https:\/\/radiotemuco.com\/home\/wp-json\/wp\/v2\/tags?post=24042"}],"curies":[{"name":"wp","href":"https:\/\/api.w.org\/{rel}","templated":true}]}}