{"id":24039,"date":"2025-08-20T10:18:23","date_gmt":"2025-08-20T10:18:23","guid":{"rendered":"https:\/\/radiotemuco.com\/home\/?p=24039"},"modified":"2025-08-20T10:18:23","modified_gmt":"2025-08-20T10:18:23","slug":"universidad-autonoma-de-chile-inaugura-exposicion-que-celebra-el-arte-como-herramienta-de-sanacion","status":"publish","type":"post","link":"https:\/\/radiotemuco.com\/home\/universidad-autonoma-de-chile-inaugura-exposicion-que-celebra-el-arte-como-herramienta-de-sanacion\/","title":{"rendered":"Universidad Aut\u00f3noma de Chile inaugura exposici\u00f3n que celebra el arte como herramienta de sanaci\u00f3n"},"content":{"rendered":"<div>Con una emotiva ceremonia y gran asistencia de p\u00fablico, la Universidad Aut\u00f3noma de Chile en Temuco dio inicio a la exposici\u00f3n\u00a0<i>\u201cEl arte de sanar y desbordarte\u201d,<\/i>\u00a0una muestra que transforma el espacio universitario en un lugar de reflexi\u00f3n, creatividad y bienestar emocional. Abierta tanto a la comunidad acad\u00e9mica como al p\u00fablico general, esta galer\u00eda se erige como un puente entre el arte, las emociones y la salud mental.<\/div>\n<div><\/div>\n<div>La exposici\u00f3n re\u00fane obras confeccionadas a mano mediante t\u00e9cnica mixta, resultado del trabajo colaborativo entre usuarios del Centro de Salud Mental de Temuco y clubes de adultos mayores del sector Santa Rosa. Cada bordado y tapiz exhibido representa un proceso creativo que ha fortalecido habilidades motoras, v\u00ednculos afectivos, redes de apoyo y aprendizajes compartidos, visibilizando el arte como veh\u00edculo de inclusi\u00f3n y transformaci\u00f3n social.<\/div>\n<div><\/div>\n<div><i>\u201cEl arte tiene la capacidad de trascender lo est\u00e9tico y convertirse en un lenguaje que nos une y nos transforma\u201d,<\/i>\u00a0coment\u00f3 el\u00a0<b>decano de la Facultad de Arquitectura, Construcci\u00f3n y Medio Ambiente UA, Daniel Schmidt,<\/b>\u00a0a\u00f1adiendo:\u00a0<i>\u201cCon esta exposici\u00f3n reafirmamos el compromiso de nuestra universidad con la cultura, la salud y el bienestar integral de nuestra comunidad\u201d.<\/i><\/div>\n<div>La muestra se enmarca en un proceso terap\u00e9utico y comunitario que promueve la socializaci\u00f3n, el desarrollo emocional y el di\u00e1logo intergeneracional.\u00a0<i>\u201cQueremos que esta exhibici\u00f3n sea un espacio donde cada visitante pueda conectarse con sus emociones, encontrar inspiraci\u00f3n y disfrutar del trabajo realizado por sus creadores\u201d,<\/i>\u00a0agreg\u00f3 la\u00a0<b>Ximena Lutz, m\u00e9dico de familia del programa Adulto Mayor.<\/b><\/div>\n<div><\/div>\n<div>Por su parte,\u00a0<b>Hernol Flores, gestor cultural y presidente del C\u00edrculo de Amigos por el Arte,<\/b>\u00a0destac\u00f3 que\u00a0<i>\u201cesta galer\u00eda es una celebraci\u00f3n del arte como espacio de sanaci\u00f3n, expresi\u00f3n interior y conexi\u00f3n con los dem\u00e1s. Busca visibilizar su impacto en la salud mental comunitaria y destacar el poder de la creatividad como motor de inclusi\u00f3n, bienestar y transformaci\u00f3n social\u201d.<\/i><\/div>\n<div><\/div>\n<div><b>Medicina para el alma<\/b><\/div>\n<div>En esta edici\u00f3n, la Facultad de Ciencias de la Salud, a trav\u00e9s de la carrera de Medicina, se suma activamente a la iniciativa, reconociendo el valor del arte como herramienta complementaria en la promoci\u00f3n de la salud y en la formaci\u00f3n de profesionales con enfoque biopsicosocial.<\/div>\n<div><\/div>\n<div><i>\u201cEl arte es una verdadera medicina para el alma, porque nos permite comprender al ser humano en toda su dimensi\u00f3n\u201d,<\/i>\u00a0expres\u00f3\u00a0<b>Javier Gonz\u00e1lez, estudiante de Medicina,<\/b>\u00a0quien agreg\u00f3:\u00a0<i>\u201cValoro profundamente que la Universidad promueva instancias como esta, que nos acercan, record\u00e1ndonos que sanar implica tambi\u00e9n sensibilidad, creatividad y humanidad\u201d.<\/i><\/div>\n<div><\/div>\n<div>La muestra permanecer\u00e1 abierta al p\u00fablico hasta la primera semana de septiembre, a partir de las 15:30 horas -previa coordinaci\u00f3n en el correo de\u00a0<a id=\"m_210470893079981214OWA05e98c25-82eb-ec58-6ab6-e0d9b00e4026\" href=\"mailto:relacionespublicas.temuco@uautonoma.cl\" target=\"_blank\" rel=\"noopener\">relacionespublicas.temuco@<wbr \/>uautonoma.cl<\/a>-, ofreciendo una oportunidad \u00fanica para explorar el arte como lenguaje de sanaci\u00f3n, inclusi\u00f3n y encuentro colectivo.<\/div>\n","protected":false},"excerpt":{"rendered":"<p>Con una emotiva ceremonia y gran asistencia de p\u00fablico, la Universidad Aut\u00f3noma de Chile en Temuco dio inicio a la exposici\u00f3n\u00a0\u201cEl arte de sanar y desbordarte\u201d,\u00a0una muestra que transforma el espacio universitario en un lugar de reflexi\u00f3n, creatividad y bienestar emocional. Abierta tanto a la comunidad acad\u00e9mica como al p\u00fablico general, esta galer\u00eda se erige como un puente entre el arte, las emociones y la salud mental. La exposici\u00f3n re\u00fane obras confeccionadas a mano mediante t\u00e9cnica mixta, resultado del trabajo colaborativo entre usuarios del Centro de Salud Mental de Temuco y clubes de adultos mayores del sector Santa Rosa. Cada bordado [&hellip;]<\/p>\n","protected":false},"author":2,"featured_media":24040,"comment_status":"closed","ping_status":"open","sticky":false,"template":"","format":"standard","meta":{"_crdt_document":"","_monsterinsights_skip_tracking":false,"_monsterinsights_sitenote_active":false,"_monsterinsights_sitenote_note":"","_monsterinsights_sitenote_category":0,"_jetpack_memberships_contains_paid_content":false,"footnotes":""},"categories":[8,7,2],"tags":[],"class_list":["post-24039","post","type-post","status-publish","format-standard","has-post-thumbnail","hentry","category-internacional","category-nacional","category-regionales"],"jetpack_featured_media_url":"https:\/\/radiotemuco.com\/home\/wp-content\/uploads\/2025\/08\/FOTO-lanzamiento-exposicion-el-arte-de-sanar-2.jpg","jetpack_sharing_enabled":true,"_links":{"self":[{"href":"https:\/\/radiotemuco.com\/home\/wp-json\/wp\/v2\/posts\/24039","targetHints":{"allow":["GET"]}}],"collection":[{"href":"https:\/\/radiotemuco.com\/home\/wp-json\/wp\/v2\/posts"}],"about":[{"href":"https:\/\/radiotemuco.com\/home\/wp-json\/wp\/v2\/types\/post"}],"author":[{"embeddable":true,"href":"https:\/\/radiotemuco.com\/home\/wp-json\/wp\/v2\/users\/2"}],"replies":[{"embeddable":true,"href":"https:\/\/radiotemuco.com\/home\/wp-json\/wp\/v2\/comments?post=24039"}],"version-history":[{"count":1,"href":"https:\/\/radiotemuco.com\/home\/wp-json\/wp\/v2\/posts\/24039\/revisions"}],"predecessor-version":[{"id":24041,"href":"https:\/\/radiotemuco.com\/home\/wp-json\/wp\/v2\/posts\/24039\/revisions\/24041"}],"wp:featuredmedia":[{"embeddable":true,"href":"https:\/\/radiotemuco.com\/home\/wp-json\/wp\/v2\/media\/24040"}],"wp:attachment":[{"href":"https:\/\/radiotemuco.com\/home\/wp-json\/wp\/v2\/media?parent=24039"}],"wp:term":[{"taxonomy":"category","embeddable":true,"href":"https:\/\/radiotemuco.com\/home\/wp-json\/wp\/v2\/categories?post=24039"},{"taxonomy":"post_tag","embeddable":true,"href":"https:\/\/radiotemuco.com\/home\/wp-json\/wp\/v2\/tags?post=24039"}],"curies":[{"name":"wp","href":"https:\/\/api.w.org\/{rel}","templated":true}]}}