{"id":24036,"date":"2025-08-20T10:06:41","date_gmt":"2025-08-20T10:06:41","guid":{"rendered":"https:\/\/radiotemuco.com\/home\/?p=24036"},"modified":"2025-08-20T10:06:41","modified_gmt":"2025-08-20T10:06:41","slug":"cortometraje-financiado-por-el-fondo-de-fomento-audiovisual-se-filma-en-cunco","status":"publish","type":"post","link":"https:\/\/radiotemuco.com\/home\/cortometraje-financiado-por-el-fondo-de-fomento-audiovisual-se-filma-en-cunco\/","title":{"rendered":"Cortometraje financiado por el Fondo de Fomento Audiovisual se filma en Cunco"},"content":{"rendered":"<p>\u201cNada Bueno Trae el R\u00edo\u201d\u00a0es el nombre del cortometraje que un grupo de cineastas filma en la Regi\u00f3n de La Araucan\u00eda durante esta semana. Es una pel\u00edcula que viene a contar historias de lugares y personas, sus mundos internos y su entorno. Es un drama que da cuenta del alcance y la repercusi\u00f3n de los rumores y los mitos creados en una comunidad. Esto enriquecido por un paisaje y una comuna como Cunco que es donde se desarrolla la historia.<\/p>\n<p>Romina Hern\u00e1ndez Salinas, directora del cortometraje, coment\u00f3: \u201cCreo que Cunco y las comunas de regiones cuentan con una cosmovisi\u00f3n muy especial, con c\u00f3digos y lenguajes propios. Como guionista, creo que la belleza no se ve a gran escala, sino en la particularidad, en lo peque\u00f1o. Por eso, para m\u00ed, Cunco es hermoso: un lugar donde puedes detenerte a mirar la vida, ideal para contar historias.\u201d<\/p>\n<p>El destacado productor temuquense radicado hace m\u00e1s de 20 a\u00f1os en Santiago Bruno C\u00f3rdova Cares, responsable de la producci\u00f3n general de \u201cPerdona nuestros Pecados\u201d, \u201cPobre Gallo\u201d, \u201cPituca sin lucas\u201d entre otras grandes producciones dram\u00e1ticas se\u00f1al\u00f3: \u201cLa idea de filmar en la regi\u00f3n, busca entre otros objetivos, desarrollar la industria local con aportes de talentos locales, locaciones, recursos visuales y operativos, esperando que esta experiencia sea la primera de otras que est\u00e1n en desarrollo en la comuna y la regi\u00f3n. Hace ya tiempo que hemos estado empujando la realizaci\u00f3n de proyectos de repercusi\u00f3n nacional e internacional, en lo personal como productor he filmado tres pel\u00edculas, programas de tv y series en La Araucan\u00eda, y hoy estamos en el desarrollo de proyectos\u00a0 audiovisuales\u00a0 que esperamos se concreten en el mediano plazo, Volviendo a la tierra que me vio crecer.\u201d<\/p>\n<p>\u201cTener la oportunidad de hacer cine en un lugar tan especial siempre se agradece, La Araucan\u00eda tiene mucha belleza natural que esperamos poder aprovechar y mostrar con este proyecto, intentando contar una historia llamativa\u201d, Juan Felipe Salgado, productor ejecutivo de la pel\u00edcula.<\/p>\n<p>Hacemos la invitaci\u00f3n a la comunidad a participar o acompa\u00f1arnos durante la filmaci\u00f3n que se llevar\u00e1 a cabo la semana del 18 al 24 de agosto.\u00a0 Como equipo agradecemos profundamente el apoyo de todos quienes est\u00e1n haciendo posible este proyecto.<\/p>\n<p>\u201cNada Bueno Trae el R\u00edo\u201d es un cortometraje financiado por el Ministerio de las Artes, las Culturas y el Patrimonio, a trav\u00e9s del Fondo de Fomento Audiovisual convocatoria 2025. Al respecto, el seremi de las Culturas de La Araucan\u00eda, Eric Iturriaga Guti\u00e9rrez, afirm\u00f3 que \u201ces muy positivo que este tipo de producciones se ejecuten en nuestra regi\u00f3n, y en este caso en la comuna de Cunco, ya que dinamiza las econom\u00edas locales y la misma industria audiovisual de La Araucan\u00eda. As\u00ed es que estamos muy contentos y esperamos conocer pronto en terreno c\u00f3mo se est\u00e1 desarrollando este interesante proyecto\u201d.<\/p>\n","protected":false},"excerpt":{"rendered":"<p>\u201cNada Bueno Trae el R\u00edo\u201d\u00a0es el nombre del cortometraje que un grupo de cineastas filma en la Regi\u00f3n de La Araucan\u00eda durante esta semana. Es una pel\u00edcula que viene a contar historias de lugares y personas, sus mundos internos y su entorno. Es un drama que da cuenta del alcance y la repercusi\u00f3n de los rumores y los mitos creados en una comunidad. Esto enriquecido por un paisaje y una comuna como Cunco que es donde se desarrolla la historia. Romina Hern\u00e1ndez Salinas, directora del cortometraje, coment\u00f3: \u201cCreo que Cunco y las comunas de regiones cuentan con una cosmovisi\u00f3n muy especial, [&hellip;]<\/p>\n","protected":false},"author":2,"featured_media":24037,"comment_status":"closed","ping_status":"open","sticky":false,"template":"","format":"standard","meta":{"_crdt_document":"","_monsterinsights_skip_tracking":false,"_monsterinsights_sitenote_active":false,"_monsterinsights_sitenote_note":"","_monsterinsights_sitenote_category":0,"_jetpack_memberships_contains_paid_content":false,"footnotes":""},"categories":[8,7,2],"tags":[],"class_list":["post-24036","post","type-post","status-publish","format-standard","has-post-thumbnail","hentry","category-internacional","category-nacional","category-regionales"],"jetpack_featured_media_url":"https:\/\/radiotemuco.com\/home\/wp-content\/uploads\/2025\/08\/actores-Nada-Bueno-Trae-el-Riio-1.jpeg","jetpack_sharing_enabled":true,"_links":{"self":[{"href":"https:\/\/radiotemuco.com\/home\/wp-json\/wp\/v2\/posts\/24036","targetHints":{"allow":["GET"]}}],"collection":[{"href":"https:\/\/radiotemuco.com\/home\/wp-json\/wp\/v2\/posts"}],"about":[{"href":"https:\/\/radiotemuco.com\/home\/wp-json\/wp\/v2\/types\/post"}],"author":[{"embeddable":true,"href":"https:\/\/radiotemuco.com\/home\/wp-json\/wp\/v2\/users\/2"}],"replies":[{"embeddable":true,"href":"https:\/\/radiotemuco.com\/home\/wp-json\/wp\/v2\/comments?post=24036"}],"version-history":[{"count":1,"href":"https:\/\/radiotemuco.com\/home\/wp-json\/wp\/v2\/posts\/24036\/revisions"}],"predecessor-version":[{"id":24038,"href":"https:\/\/radiotemuco.com\/home\/wp-json\/wp\/v2\/posts\/24036\/revisions\/24038"}],"wp:featuredmedia":[{"embeddable":true,"href":"https:\/\/radiotemuco.com\/home\/wp-json\/wp\/v2\/media\/24037"}],"wp:attachment":[{"href":"https:\/\/radiotemuco.com\/home\/wp-json\/wp\/v2\/media?parent=24036"}],"wp:term":[{"taxonomy":"category","embeddable":true,"href":"https:\/\/radiotemuco.com\/home\/wp-json\/wp\/v2\/categories?post=24036"},{"taxonomy":"post_tag","embeddable":true,"href":"https:\/\/radiotemuco.com\/home\/wp-json\/wp\/v2\/tags?post=24036"}],"curies":[{"name":"wp","href":"https:\/\/api.w.org\/{rel}","templated":true}]}}