{"id":24033,"date":"2025-08-20T10:00:46","date_gmt":"2025-08-20T10:00:46","guid":{"rendered":"https:\/\/radiotemuco.com\/home\/?p=24033"},"modified":"2025-08-20T10:00:46","modified_gmt":"2025-08-20T10:00:46","slug":"operativo-en-icalma-marca-conmemoracion-de-la-semana-andina-de-vacunacion-en-fronteras","status":"publish","type":"post","link":"https:\/\/radiotemuco.com\/home\/operativo-en-icalma-marca-conmemoracion-de-la-semana-andina-de-vacunacion-en-fronteras\/","title":{"rendered":"Operativo en Icalma marca conmemoraci\u00f3n de la Semana Andina de Vacunaci\u00f3n en Fronteras"},"content":{"rendered":"<p>Hasta el Cecosf de Icalma de la comuna de Lonquimay, lleg\u00f3 el Seremi de Salud, Andr\u00e9s Cuyul, donde junto al alcalde de la comuna, Eduardo Y\u00e1\u00f1ez; representantes de la comunidad; funcionarios\/as y equipos de salud, particip\u00f3 en una jornada de vacunaci\u00f3n en el marco de la Semana Andina de Vacunaci\u00f3n en Fronteras (SAVF), iniciativa que no s\u00f3lo busca combatir enfermedades inmunoprevenibles a trav\u00e9s de la inmunizaci\u00f3n, sino tambi\u00e9n promover la equidad y el acceso a las vacunas para toda la poblaci\u00f3n, especialmente aquellas que viven en lugares alejados y lim\u00edtrofes.<\/p>\n<p>La localidad de Icalma, fue priorizada para la conmemoraci\u00f3n de este hito nacional, como punto estrat\u00e9gico de intervenci\u00f3n ya que se ubica en el l\u00edmite fronterizo con Argentina aproximadamente a 5 km del paso fronterizo Icalma, siendo un sector cordillerano de dif\u00edcil acceso, donde sus habitantes viven en comunidades mapuche rurales dispersas, con condiciones clim\u00e1ticas extremas, inviernos prolongados y nevadas que dificultan la conectividad terrestre durante gran parte del a\u00f1o.<\/p>\n<p>Adem\u00e1s, durante este a\u00f1o gracias a los esfuerzos realizados entre el Municipio de Lonquimay, su Departamento de Salud, Servicio de Salud Araucan\u00eda Norte y Seremi de Salud, se habilit\u00f3 el primer vacunatorio para la localidad, el cual permite el acceso a la inmunizaci\u00f3n para los habitantes de esta localidad fronteriza, de manera regular y programada, sin depender exclusivamente de rondas m\u00e9dicas espor\u00e1dicas, permitiendo as\u00ed acceder al Programa Nacional de Inmunizaciones y las diferentes campa\u00f1as de vacunaci\u00f3n.<\/p>\n<p>\u201cEstamos conmemorando la semana de vacunaci\u00f3n en fronteras, por ello nos trasladamos hasta la localidad de Icalma para dar cuenta del refuerzo de las capacidades de inmunizaci\u00f3n, tanto de nuestro programa nacional, como de las campa\u00f1as de vacunaci\u00f3n aqu\u00ed en esta fronteriza localidad con Argentina. En la oportunidad acompa\u00f1amos a Byron, Luz y su madre Karen, quienes se vacunaron oportunamente contra influenza, para poder dar cuenta que esta localidad de 1.900 habitantes tiene mayor protecci\u00f3n frente a enfermedades infectocontagiosas las cuales son prevenibles con las vacunas\u201d, se\u00f1al\u00f3 el titular de salud.<\/p>\n<p>Por su parte el jefe comunal, destac\u00f3 la iniciativa, la cual se une a los esfuerzos realizados en el territorio para reforzar la inmunizaci\u00f3n de la poblaci\u00f3n de esta cordillerana localidad \u201cpara nosotros es muy importante la presencia del Seremi en el territorio con esta estrategia conmemorativa ya que la vacunaci\u00f3n de fronteras para la zona sur de Lonquimay es muy importante. Este a\u00f1o inauguramos un vacunatorio que nos ha ayudado a subir los \u00edndices de cobertura mejorando con ello la calidad de vida de cada uno de nuestros vecinos y vecinas\u201d.<\/p>\n<p>En tanto Vanesa Ca\u00f1umir Cheuquepil, presidenta Comunidad Marimenuco Bajo destac\u00f3 la importancia de contar con un punto de vacunaci\u00f3n en la localidad fronteriza \u201ces una gran iniciativa que tenemos ac\u00e1 como comuna, ya que Icalma es un lugar muy apartado por lo que resulta muy importante y conveniente para nosotros contar con este punto vacunatorio ac\u00e1 para las comunidades que nos encontramos bien alejadas de la comuna de Lonquimay\u201d.<\/p>\n<p>La regi\u00f3n andina enfrenta una situaci\u00f3n epidemiol\u00f3gica caracterizada por el resurgimiento y aumento significativo de varias enfermedades prevenibles por vacunaci\u00f3n, que ponen en riesgo la salud p\u00fablica y los avances alcanzados en a\u00f1os anteriores, como es el caso del sarampi\u00f3n el cual ha afectado especialmente a ni\u00f1os y poblaciones vulnerables.<\/p>\n<p>Frente a este escenario, se hace urgente la necesidad de reforzar la vigilancia epidemiol\u00f3gica, asegurar esquemas completos y oportunos de vacunaci\u00f3n, implementar campa\u00f1as intensivas en zonas lim\u00edtrofes y fortalecer los mecanismos de coordinaci\u00f3n binacional.<\/p>\n<p>Cabe destacar que actualmente la comuna de Lonquimay registra un 88,1% de cobertura de vacunaci\u00f3n contra influenza y un 86,5% en la campa\u00f1a de VRS en lactantes, lo que refleja el esfuerzo sostenido de los equipos locales y el acompa\u00f1amiento desde la Seremi de Salud por mantener la protecci\u00f3n sanitaria en territorios aislados y de dif\u00edcil acceso.<\/p>\n","protected":false},"excerpt":{"rendered":"<p>Hasta el Cecosf de Icalma de la comuna de Lonquimay, lleg\u00f3 el Seremi de Salud, Andr\u00e9s Cuyul, donde junto al alcalde de la comuna, Eduardo Y\u00e1\u00f1ez; representantes de la comunidad; funcionarios\/as y equipos de salud, particip\u00f3 en una jornada de vacunaci\u00f3n en el marco de la Semana Andina de Vacunaci\u00f3n en Fronteras (SAVF), iniciativa que no s\u00f3lo busca combatir enfermedades inmunoprevenibles a trav\u00e9s de la inmunizaci\u00f3n, sino tambi\u00e9n promover la equidad y el acceso a las vacunas para toda la poblaci\u00f3n, especialmente aquellas que viven en lugares alejados y lim\u00edtrofes. La localidad de Icalma, fue priorizada para la conmemoraci\u00f3n de este [&hellip;]<\/p>\n","protected":false},"author":2,"featured_media":24034,"comment_status":"closed","ping_status":"open","sticky":false,"template":"","format":"standard","meta":{"_crdt_document":"","_monsterinsights_skip_tracking":false,"_monsterinsights_sitenote_active":false,"_monsterinsights_sitenote_note":"","_monsterinsights_sitenote_category":0,"_jetpack_memberships_contains_paid_content":false,"footnotes":""},"categories":[8,7,2],"tags":[],"class_list":["post-24033","post","type-post","status-publish","format-standard","has-post-thumbnail","hentry","category-internacional","category-nacional","category-regionales"],"jetpack_featured_media_url":"https:\/\/radiotemuco.com\/home\/wp-content\/uploads\/2025\/08\/Captura-de-pantalla-2025-08-20-055518.png","jetpack_sharing_enabled":true,"_links":{"self":[{"href":"https:\/\/radiotemuco.com\/home\/wp-json\/wp\/v2\/posts\/24033","targetHints":{"allow":["GET"]}}],"collection":[{"href":"https:\/\/radiotemuco.com\/home\/wp-json\/wp\/v2\/posts"}],"about":[{"href":"https:\/\/radiotemuco.com\/home\/wp-json\/wp\/v2\/types\/post"}],"author":[{"embeddable":true,"href":"https:\/\/radiotemuco.com\/home\/wp-json\/wp\/v2\/users\/2"}],"replies":[{"embeddable":true,"href":"https:\/\/radiotemuco.com\/home\/wp-json\/wp\/v2\/comments?post=24033"}],"version-history":[{"count":1,"href":"https:\/\/radiotemuco.com\/home\/wp-json\/wp\/v2\/posts\/24033\/revisions"}],"predecessor-version":[{"id":24035,"href":"https:\/\/radiotemuco.com\/home\/wp-json\/wp\/v2\/posts\/24033\/revisions\/24035"}],"wp:featuredmedia":[{"embeddable":true,"href":"https:\/\/radiotemuco.com\/home\/wp-json\/wp\/v2\/media\/24034"}],"wp:attachment":[{"href":"https:\/\/radiotemuco.com\/home\/wp-json\/wp\/v2\/media?parent=24033"}],"wp:term":[{"taxonomy":"category","embeddable":true,"href":"https:\/\/radiotemuco.com\/home\/wp-json\/wp\/v2\/categories?post=24033"},{"taxonomy":"post_tag","embeddable":true,"href":"https:\/\/radiotemuco.com\/home\/wp-json\/wp\/v2\/tags?post=24033"}],"curies":[{"name":"wp","href":"https:\/\/api.w.org\/{rel}","templated":true}]}}