{"id":24030,"date":"2025-08-20T09:57:56","date_gmt":"2025-08-20T09:57:56","guid":{"rendered":"https:\/\/radiotemuco.com\/home\/?p=24030"},"modified":"2025-08-20T09:57:56","modified_gmt":"2025-08-20T09:57:56","slug":"villarrica-pdi-realiza-fiscalizacion-de-extranjeros-dedicados-al-rubro-de-barberias-y-verdulerias","status":"publish","type":"post","link":"https:\/\/radiotemuco.com\/home\/villarrica-pdi-realiza-fiscalizacion-de-extranjeros-dedicados-al-rubro-de-barberias-y-verdulerias\/","title":{"rendered":"Villarrica: PDI realiza fiscalizaci\u00f3n de extranjeros dedicados al rubro de barber\u00edas y verduler\u00edas"},"content":{"rendered":"<p>Detectives del Departamento de Migraciones y Polic\u00eda Internacional Temuco, DEMIG, en cumplimiento a los objetivos estrat\u00e9gicos de la Polic\u00eda de Investigaciones de Chile, vinculados a la seguridad ciudadana, y enmarcados la fiscalizaci\u00f3n, control y denuncia de extranjeros en situaci\u00f3n irregular en nuestro pa\u00eds, y amparados en la Ley 21.325 de Migraci\u00f3n y Extranjer\u00eda, realizaron durante este lunes, un control de ciudadanos extranjeros vinculados a locales comerciales del rubro barber\u00edas y verduler\u00edas en la comuna de Villarrica.<\/p>\n<p>En la fiscalizaci\u00f3n se control\u00f3 a 12 personas, correspondientes a extranjeros de nacionalidades china (01), colombiana (01), ecuatoriana (02), haitiana (02) y venezolana (06), denunciando un total de seis de \u00e9stos al organismo respectivo, debido a que se hallaban en situaci\u00f3n migratoria irregular en nuestro pa\u00eds, y cuyas faltas administrativas se enmarcaron en ejercer actividades remuneradas sin autorizaci\u00f3n o residencia para aquello y por la obligaci\u00f3n de los empleadores de contratar extranjeros con permiso de residencia o permanencia que los habilite para ello.<\/p>\n<p>Con este procedimiento policial se da respuesta efectiva a las facultades institucionales en materias de migraci\u00f3n, consignadas en nuestra legislaci\u00f3n vigente, espec\u00edficamente con la ubicaci\u00f3n, control y denuncia efectuada a extranjeros que permanezcan en nuestro pa\u00eds de manera ilegal, fortaleciendo de esta forma el rol de la PDI en el \u00e1rea de migraciones frente a los desaf\u00edos regionales y globales, dando eficaz cumplimiento a las metas institucionales propuestas para este a\u00f1o.<\/p>\n<p>&nbsp;<\/p>\n","protected":false},"excerpt":{"rendered":"<p>Detectives del Departamento de Migraciones y Polic\u00eda Internacional Temuco, DEMIG, en cumplimiento a los objetivos estrat\u00e9gicos de la Polic\u00eda de Investigaciones de Chile, vinculados a la seguridad ciudadana, y enmarcados la fiscalizaci\u00f3n, control y denuncia de extranjeros en situaci\u00f3n irregular en nuestro pa\u00eds, y amparados en la Ley 21.325 de Migraci\u00f3n y Extranjer\u00eda, realizaron durante este lunes, un control de ciudadanos extranjeros vinculados a locales comerciales del rubro barber\u00edas y verduler\u00edas en la comuna de Villarrica. En la fiscalizaci\u00f3n se control\u00f3 a 12 personas, correspondientes a extranjeros de nacionalidades china (01), colombiana (01), ecuatoriana (02), haitiana (02) y venezolana (06), denunciando [&hellip;]<\/p>\n","protected":false},"author":2,"featured_media":24031,"comment_status":"closed","ping_status":"open","sticky":false,"template":"","format":"standard","meta":{"_crdt_document":"","_monsterinsights_skip_tracking":false,"_monsterinsights_sitenote_active":false,"_monsterinsights_sitenote_note":"","_monsterinsights_sitenote_category":0,"_jetpack_memberships_contains_paid_content":false,"footnotes":""},"categories":[8,7,2],"tags":[],"class_list":["post-24030","post","type-post","status-publish","format-standard","has-post-thumbnail","hentry","category-internacional","category-nacional","category-regionales"],"jetpack_featured_media_url":"https:\/\/radiotemuco.com\/home\/wp-content\/uploads\/2025\/08\/WhatsApp-Image-2025-08-19-at-11.50.45.jpeg","jetpack_sharing_enabled":true,"_links":{"self":[{"href":"https:\/\/radiotemuco.com\/home\/wp-json\/wp\/v2\/posts\/24030","targetHints":{"allow":["GET"]}}],"collection":[{"href":"https:\/\/radiotemuco.com\/home\/wp-json\/wp\/v2\/posts"}],"about":[{"href":"https:\/\/radiotemuco.com\/home\/wp-json\/wp\/v2\/types\/post"}],"author":[{"embeddable":true,"href":"https:\/\/radiotemuco.com\/home\/wp-json\/wp\/v2\/users\/2"}],"replies":[{"embeddable":true,"href":"https:\/\/radiotemuco.com\/home\/wp-json\/wp\/v2\/comments?post=24030"}],"version-history":[{"count":1,"href":"https:\/\/radiotemuco.com\/home\/wp-json\/wp\/v2\/posts\/24030\/revisions"}],"predecessor-version":[{"id":24032,"href":"https:\/\/radiotemuco.com\/home\/wp-json\/wp\/v2\/posts\/24030\/revisions\/24032"}],"wp:featuredmedia":[{"embeddable":true,"href":"https:\/\/radiotemuco.com\/home\/wp-json\/wp\/v2\/media\/24031"}],"wp:attachment":[{"href":"https:\/\/radiotemuco.com\/home\/wp-json\/wp\/v2\/media?parent=24030"}],"wp:term":[{"taxonomy":"category","embeddable":true,"href":"https:\/\/radiotemuco.com\/home\/wp-json\/wp\/v2\/categories?post=24030"},{"taxonomy":"post_tag","embeddable":true,"href":"https:\/\/radiotemuco.com\/home\/wp-json\/wp\/v2\/tags?post=24030"}],"curies":[{"name":"wp","href":"https:\/\/api.w.org\/{rel}","templated":true}]}}