{"id":23095,"date":"2025-05-22T10:44:20","date_gmt":"2025-05-22T10:44:20","guid":{"rendered":"https:\/\/radiotemuco.com\/home\/?p=23095"},"modified":"2025-05-22T10:44:20","modified_gmt":"2025-05-22T10:44:20","slug":"licencias-medicas-contraloria-ordena-sumarios-masivos-a-funcionarios-publicos-que-salieron-de-chile","status":"publish","type":"post","link":"https:\/\/radiotemuco.com\/home\/licencias-medicas-contraloria-ordena-sumarios-masivos-a-funcionarios-publicos-que-salieron-de-chile\/","title":{"rendered":"Licencias M\u00e9dicas: Contralor\u00eda ordena sumarios masivos a funcionarios p\u00fablicos que salieron de Chile"},"content":{"rendered":"<p class=\"article-body__paragraph\">La\u00a0Contralor\u00eda General de la Rep\u00fablica (CGR) devel\u00f3 el martes una informaci\u00f3n que se tom\u00f3 la jornada: a trav\u00e9s de su noveno Consolidado de Informaci\u00f3n Circularizada (CIC) revel\u00f3 que entre 2023 y 2024 m\u00e1s de 25.000 funcionarios viajaron fuera del pa\u00eds durante su licencia m\u00e9dica, derivando esto en oficios del ente fiscalizador que mandatan a las casi 800 entidades con funcionarios con permisos en la mira a que inicien sumarios y persigan responsabilidades administrativas.<\/p>\n<p class=\"article-body__paragraph\">Asimismo, la CGR remiti\u00f3 los antecedentes al Consejo de Defensa del Estado para perseguir responsabilidades patrimoniales o civiles, as\u00ed como tambi\u00e9n lo hizo al Ministerio P\u00fablico para perseguir eventuales responsabilidades penales.<\/p>\n<p class=\"article-body__paragraph\">Los datos aportados por la CGR fueron obtenidos de la\u00a0Polic\u00eda de Investigaciones\u00a0y se determin\u00f3 que los titulares de esas licencias entraron o salieron del pa\u00eds en 59.575 oportunidades durante el respectivo permiso de reposo.<\/p>\n<p>Y La Araucan\u00eda no es la excepci\u00f3n, ya que existen funcionarios p\u00fablicos de distintas reparticiones que salieron de viaje fuera del pa\u00eds estando con reposo por enfermedad, por supuesto, con derecho al pago de su sueldo.<\/p>\n<p>En los gr\u00e1ficos de la Contralor\u00eda destaca un municipio de la regi\u00f3n en particular: Temuco, donde 342 funcionarios de la Municipalidad de Temuco salieron de vacaciones o del pa\u00eds, haciendo uso de una licencia m\u00e9dica.<\/p>\n<h4 class=\"article-body__heading-h6\">Las 13 instituciones con m\u00e1s licencias m\u00e9dicas eventualmente irregulares:<b><\/b><\/h4>\n<table class=\"article-body__table\">\n<thead>\n<tr>\n<th>Instituci\u00f3n<\/th>\n<th>Licencias<\/th>\n<\/tr>\n<\/thead>\n<tbody>\n<tr>\n<td>Junji<\/td>\n<td>2.280<\/td>\n<\/tr>\n<tr>\n<td>Fundaci\u00f3n Integra<\/td>\n<td>1.934<\/td>\n<\/tr>\n<tr>\n<td>Municipalidad de Arica<\/td>\n<td>719<\/td>\n<\/tr>\n<tr>\n<td>Corp. Mun. de Iquique<\/td>\n<td>515<\/td>\n<\/tr>\n<tr>\n<td>Municipalidad de Puerto Montt<\/td>\n<td>482<\/td>\n<\/tr>\n<tr>\n<td>Instituto de Previsi\u00f3n Social<\/td>\n<td>423<\/td>\n<\/tr>\n<tr>\n<td>Subsecretar\u00eda de Salud P\u00fablica<\/td>\n<td>393<\/td>\n<\/tr>\n<tr>\n<td>Corp. Mun. Puerto Natales<\/td>\n<td>392<\/td>\n<\/tr>\n<tr>\n<td>Corp. Mun. Punta Arenas<\/td>\n<td>369<\/td>\n<\/tr>\n<tr>\n<td>Corp. Mun. Puente Alto<\/td>\n<td>363<\/td>\n<\/tr>\n<tr>\n<td>U. de Chile<\/td>\n<td>352<\/td>\n<\/tr>\n<tr>\n<td>Municipalidad de Temuco<\/td>\n<td>342<\/td>\n<\/tr>\n<tr>\n<td>Corp. Mun. Calama<\/td>\n<td>328<\/td>\n<\/tr>\n<\/tbody>\n<\/table>\n<p>&nbsp;<\/p>\n","protected":false},"excerpt":{"rendered":"<p>La\u00a0Contralor\u00eda General de la Rep\u00fablica (CGR) devel\u00f3 el martes una informaci\u00f3n que se tom\u00f3 la jornada: a trav\u00e9s de su noveno Consolidado de Informaci\u00f3n Circularizada (CIC) revel\u00f3 que entre 2023 y 2024 m\u00e1s de 25.000 funcionarios viajaron fuera del pa\u00eds durante su licencia m\u00e9dica, derivando esto en oficios del ente fiscalizador que mandatan a las casi 800 entidades con funcionarios con permisos en la mira a que inicien sumarios y persigan responsabilidades administrativas. Asimismo, la CGR remiti\u00f3 los antecedentes al Consejo de Defensa del Estado para perseguir responsabilidades patrimoniales o civiles, as\u00ed como tambi\u00e9n lo hizo al Ministerio P\u00fablico para perseguir [&hellip;]<\/p>\n","protected":false},"author":2,"featured_media":23084,"comment_status":"closed","ping_status":"open","sticky":false,"template":"","format":"standard","meta":{"_crdt_document":"","_monsterinsights_skip_tracking":false,"_monsterinsights_sitenote_active":false,"_monsterinsights_sitenote_note":"","_monsterinsights_sitenote_category":0,"_jetpack_memberships_contains_paid_content":false,"footnotes":""},"categories":[8,7,2],"tags":[],"class_list":["post-23095","post","type-post","status-publish","format-standard","has-post-thumbnail","hentry","category-internacional","category-nacional","category-regionales"],"jetpack_featured_media_url":"https:\/\/radiotemuco.com\/home\/wp-content\/uploads\/2025\/05\/0001.jpeg","jetpack_sharing_enabled":true,"_links":{"self":[{"href":"https:\/\/radiotemuco.com\/home\/wp-json\/wp\/v2\/posts\/23095","targetHints":{"allow":["GET"]}}],"collection":[{"href":"https:\/\/radiotemuco.com\/home\/wp-json\/wp\/v2\/posts"}],"about":[{"href":"https:\/\/radiotemuco.com\/home\/wp-json\/wp\/v2\/types\/post"}],"author":[{"embeddable":true,"href":"https:\/\/radiotemuco.com\/home\/wp-json\/wp\/v2\/users\/2"}],"replies":[{"embeddable":true,"href":"https:\/\/radiotemuco.com\/home\/wp-json\/wp\/v2\/comments?post=23095"}],"version-history":[{"count":1,"href":"https:\/\/radiotemuco.com\/home\/wp-json\/wp\/v2\/posts\/23095\/revisions"}],"predecessor-version":[{"id":23096,"href":"https:\/\/radiotemuco.com\/home\/wp-json\/wp\/v2\/posts\/23095\/revisions\/23096"}],"wp:featuredmedia":[{"embeddable":true,"href":"https:\/\/radiotemuco.com\/home\/wp-json\/wp\/v2\/media\/23084"}],"wp:attachment":[{"href":"https:\/\/radiotemuco.com\/home\/wp-json\/wp\/v2\/media?parent=23095"}],"wp:term":[{"taxonomy":"category","embeddable":true,"href":"https:\/\/radiotemuco.com\/home\/wp-json\/wp\/v2\/categories?post=23095"},{"taxonomy":"post_tag","embeddable":true,"href":"https:\/\/radiotemuco.com\/home\/wp-json\/wp\/v2\/tags?post=23095"}],"curies":[{"name":"wp","href":"https:\/\/api.w.org\/{rel}","templated":true}]}}