{"id":23091,"date":"2025-05-22T10:10:28","date_gmt":"2025-05-22T10:10:28","guid":{"rendered":"https:\/\/radiotemuco.com\/home\/?p=23091"},"modified":"2025-05-22T10:10:28","modified_gmt":"2025-05-22T10:10:28","slug":"columna-de-opinion-la-soledad-no-deseada-una-amenaza-latente","status":"publish","type":"post","link":"https:\/\/radiotemuco.com\/home\/columna-de-opinion-la-soledad-no-deseada-una-amenaza-latente\/","title":{"rendered":"Columna de Opini\u00f3n: La soledad no deseada, una amenaza latente"},"content":{"rendered":"<p>Desde hace alg\u00fan tiempo hemos comenzado a escuchar con mayor frecuencia noticias sobre personas que son encontradas sin vida, solas en sus hogares, d\u00edas, semanas o incluso meses despu\u00e9s de su fallecimiento. Si bien esta realidad ha estado presente desde hace a\u00f1os en pa\u00edses como Estados Unidos o diversas naciones europeas, hoy comienza a adquirir mayor prevalencia tambi\u00e9n en Chile. Se trata de una consecuencia directa de la soledad no deseada, una condici\u00f3n que afecta principalmente a las personas mayores, quienes, con el paso del tiempo, van perdiendo sus redes de apoyo.<\/p>\n<p>Este fen\u00f3meno ocurre porque los adultos mayores est\u00e1n expuestos a una serie de factores que contribuyen a la progresiva reducci\u00f3n de sus v\u00ednculos sociales, desde aspectos econ\u00f3micos hasta la muerte \u2014f\u00edsica o simb\u00f3lica\u2014 de personas cercanas, como lo es la indiferencia social. As\u00ed lo se\u00f1alan los investigadores espa\u00f1oles Dolores y Escarabajal (2021), quienes destacan que vivir en soledad puede implicar la falta de motivaci\u00f3n para levantarse cada ma\u00f1ana y luchar por alg\u00fan prop\u00f3sito.<\/p>\n<p>Estudios recientes del INTA revelan que los adultos mayores presentan altos \u00edndices de inseguridad alimentaria, siendo la soledad no deseada un factor detonante de esta problem\u00e1tica, lo que incrementa significativamente su nivel de vulnerabilidad.<\/p>\n<p>La soledad no deseada no solo impacta la salud mental y los deseos de vivir, sino que tambi\u00e9n afecta negativamente la estimulaci\u00f3n cognitiva y acelera el deterioro de las funciones superiores. Es una situaci\u00f3n que se agrava con el paso de los a\u00f1os, especialmente cuando no se producen cambios significativos en las condiciones que la provocan.<\/p>\n<p>El llamado es, por tanto, a tomar conciencia del rol que debemos asumir en la vinculaci\u00f3n con las personas mayores, tanto en el entorno familiar como, especialmente, en la sociedad en general. Es urgente ofrecerles espacios reales de participaci\u00f3n e inclusi\u00f3n, que les devuelvan su vigencia y rompan con los estereotipos asociados al edadismo y a las miradas descalificadoras sobre esta etapa de la vida.<\/p>\n<p>Por el contrario, debemos ver esta situaci\u00f3n como un desaf\u00edo colectivo: promover la vida social de los adultos mayores no solo mejora su calidad de vida, sino que adem\u00e1s ayuda a reducir la presi\u00f3n asistencial generada por las consecuencias de la soledad prolongada.<\/p>\n<p>Prepararnos para el nuevo escenario demogr\u00e1fico, tanto en Chile como en el resto del mundo, es una tarea urgente. Para el a\u00f1o 2050, se estima que una de cada tres personas ser\u00e1 un adulto mayor. As\u00ed lo ha advertido tambi\u00e9n la Organizaci\u00f3n Mundial de la Salud, al declarar esta d\u00e9cada como el Decenio del Envejecimiento Saludable.<\/p>\n<p>Nuestro trabajo en salud debe ir acompa\u00f1ado de un esfuerzo transversal para revalorizar a las personas mayores como un activo social. Solo as\u00ed podremos avanzar hacia una sociedad m\u00e1s inclusiva, que no solo resguarde su salud f\u00edsica y mental, sino que tambi\u00e9n est\u00e9 a la altura de los desaf\u00edos que nos impone el futuro. Un futuro en el que, esperamos, la soledad no deseada sea la excepci\u00f3n, y no la regla.<\/p>\n","protected":false},"excerpt":{"rendered":"<p>Desde hace alg\u00fan tiempo hemos comenzado a escuchar con mayor frecuencia noticias sobre personas que son encontradas sin vida, solas en sus hogares, d\u00edas, semanas o incluso meses despu\u00e9s de su fallecimiento. Si bien esta realidad ha estado presente desde hace a\u00f1os en pa\u00edses como Estados Unidos o diversas naciones europeas, hoy comienza a adquirir mayor prevalencia tambi\u00e9n en Chile. Se trata de una consecuencia directa de la soledad no deseada, una condici\u00f3n que afecta principalmente a las personas mayores, quienes, con el paso del tiempo, van perdiendo sus redes de apoyo. Este fen\u00f3meno ocurre porque los adultos mayores est\u00e1n expuestos [&hellip;]<\/p>\n","protected":false},"author":2,"featured_media":23092,"comment_status":"closed","ping_status":"open","sticky":false,"template":"","format":"standard","meta":{"_crdt_document":"","_monsterinsights_skip_tracking":false,"_monsterinsights_sitenote_active":false,"_monsterinsights_sitenote_note":"","_monsterinsights_sitenote_category":0,"_jetpack_memberships_contains_paid_content":false,"footnotes":""},"categories":[8,7,2],"tags":[],"class_list":["post-23091","post","type-post","status-publish","format-standard","has-post-thumbnail","hentry","category-internacional","category-nacional","category-regionales"],"jetpack_featured_media_url":"https:\/\/radiotemuco.com\/home\/wp-content\/uploads\/2025\/05\/Patricio-Torres.jpeg","jetpack_sharing_enabled":true,"_links":{"self":[{"href":"https:\/\/radiotemuco.com\/home\/wp-json\/wp\/v2\/posts\/23091","targetHints":{"allow":["GET"]}}],"collection":[{"href":"https:\/\/radiotemuco.com\/home\/wp-json\/wp\/v2\/posts"}],"about":[{"href":"https:\/\/radiotemuco.com\/home\/wp-json\/wp\/v2\/types\/post"}],"author":[{"embeddable":true,"href":"https:\/\/radiotemuco.com\/home\/wp-json\/wp\/v2\/users\/2"}],"replies":[{"embeddable":true,"href":"https:\/\/radiotemuco.com\/home\/wp-json\/wp\/v2\/comments?post=23091"}],"version-history":[{"count":1,"href":"https:\/\/radiotemuco.com\/home\/wp-json\/wp\/v2\/posts\/23091\/revisions"}],"predecessor-version":[{"id":23093,"href":"https:\/\/radiotemuco.com\/home\/wp-json\/wp\/v2\/posts\/23091\/revisions\/23093"}],"wp:featuredmedia":[{"embeddable":true,"href":"https:\/\/radiotemuco.com\/home\/wp-json\/wp\/v2\/media\/23092"}],"wp:attachment":[{"href":"https:\/\/radiotemuco.com\/home\/wp-json\/wp\/v2\/media?parent=23091"}],"wp:term":[{"taxonomy":"category","embeddable":true,"href":"https:\/\/radiotemuco.com\/home\/wp-json\/wp\/v2\/categories?post=23091"},{"taxonomy":"post_tag","embeddable":true,"href":"https:\/\/radiotemuco.com\/home\/wp-json\/wp\/v2\/tags?post=23091"}],"curies":[{"name":"wp","href":"https:\/\/api.w.org\/{rel}","templated":true}]}}