{"id":23088,"date":"2025-05-22T10:05:39","date_gmt":"2025-05-22T10:05:39","guid":{"rendered":"https:\/\/radiotemuco.com\/home\/?p=23088"},"modified":"2025-05-22T10:05:39","modified_gmt":"2025-05-22T10:05:39","slug":"apicultores-de-la-araucania-conmemoran-dia-mundial-de-las-abejas-y-destacan-su-rol-en-la-agricultura","status":"publish","type":"post","link":"https:\/\/radiotemuco.com\/home\/apicultores-de-la-araucania-conmemoran-dia-mundial-de-las-abejas-y-destacan-su-rol-en-la-agricultura\/","title":{"rendered":"Apicultores de La Araucan\u00eda conmemoran D\u00eda Mundial de las Abejas y destacan su rol en la agricultura"},"content":{"rendered":"<div>Estas peque\u00f1as polinizadoras nos dan mucho m\u00e1s que miel, tambi\u00e9n son fundamentales para el medioambiente, aportan a la soberan\u00eda agroalimentaria, a la biodiversidad de las especies, junto con mantener vivo y dulce a nuestro planeta.<\/div>\n<div><\/div>\n<div>Con una entretenida charla dirigida a ni\u00f1os y ni\u00f1as, se celebr\u00f3 el D\u00eda Mundial de las Abejas en la Escuela LLaima. La conmemoraci\u00f3n tuvo como objetivo destacar el papel fundamental de las abejas en el desarrollo humano y en el equilibrio del medio ambiente, adem\u00e1s de crear conciencia entre los m\u00e1s peque\u00f1os sobre la necesidad de protegerlas.<\/div>\n<div>\u201cEs de vital importancia que los estudiantes, desde muy temprana edad, tomen conciencia de lo fundamental que son las abejas para nuestro medioambiente. Los ni\u00f1os estaban felices, ellos primero recibieron informaci\u00f3n, pudieron participar, hacer preguntas y luego recibieron obsequios preparados por los apicultores, no s\u00f3lo de miel, sino, de otros productos que se pueden hacer, como velas, jabones y cremas. Por lo que conocieron los distintos beneficios del trabajo que se desarrolla en las colmenas que tiene nuestra Regi\u00f3n\u201d, describi\u00f3 la inspectora general del establecimiento, Carolina Gonz\u00e1lez.<\/div>\n<div>La actividad fue organizada por la Mesa Ap\u00edcola Regional y el Comit\u00e9 de Apicultores Kochilhue de Temuco. Asistieron la directora regional de SAG, Rut Ar\u00e9valo, en representaci\u00f3n del seremi de Agricultura H\u00e9ctor Cumilaf. La presidenta del Comit\u00e9, Mercedes Monsalves y representantes de INDAP, la carrera de Agronom\u00eda de la Universidad Cat\u00f3lica de Temuco y CONAF, adem\u00e1s de los corp\u00f3reos de estas dos \u00faltimas instituciones, \u201cForest\u00edn\u201d y \u201cAbejita\u201d, quienes fueron muy aplaudidos por los menores asistentes.<\/div>\n<div><\/div>\n<div><b>Apicultura Sostenible<\/b><\/div>\n<div>La Regi\u00f3n de La Araucan\u00eda es la m\u00e1s importante en cuanto a n\u00famero de productores ap\u00edcolas a nivel nacional, con un total de 1.690 informantes, los que representan el 33,2 % sobre el total de apicultores del pa\u00eds, los que llegan a los 5.909.<\/div>\n<div>\u201cLas Naciones Unidas instaur\u00f3 esta celebraci\u00f3n por la importancia que tienen las abejas en nuestro ecosistema. Este a\u00f1o el lema es \u201cAbejas inspiradas por la naturaleza para nutrirnos a todos\u201d. Lo que se refiere a su papel en la producci\u00f3n agr\u00edcola, lo que nos da tranquilidad para nuestra soberan\u00eda alimentaria y de igual manera destaca el rol que cumple las abejas en la protecci\u00f3n del equilibrio ecol\u00f3gico\u201d, puntualiz\u00f3 la directora regional de SAG Araucan\u00eda y seremi (s) de Agricultura, Ruth Ar\u00e9valo.<\/div>\n<div>El n\u00famero de abejas y muchos otros insectos polinizadores est\u00e1 disminuyendo. Por lo que est\u00e1 conmemoraci\u00f3n, es una oportunidad para que tomemos acciones que protejan y ayuden a resguardar sus h\u00e1bitats y tambi\u00e9n apoyar el desarrollo de una apicultura sostenible.<\/div>\n<div>\u201cLa biodiversidad de las especies es muy importante para la sobrevivencia del planeta, por lo tanto, el rol que tienen estos insectos es tremendo. Adem\u00e1s, es un agrado estar aqu\u00ed con las ni\u00f1as y ni\u00f1os, porque ser\u00e1n las nuevas generaciones las que van a transmitir este mensaje que nos ayudar\u00e1 a cuidar a las abejas y resguardar el importante rol que cumplen en el ciclo de la vida\u201d, recalc\u00f3 la seremi (s) de Agricultura, Ruth Ar\u00e9valo.<\/div>\n<div><\/div>\n<div><b>Dulce Nutrici\u00f3n y Colmenas<\/b><\/div>\n<div>En cuanto al n\u00famero de colmenas, en la Regi\u00f3n de La Araucan\u00eda se encuentra el 11,5 % del total de las colmenas del pa\u00eds, alcanzando a 38.489 (22,7 colmenas\/apicultor, promedio regional). Con un total nacional de 333.037 colmenas, seg\u00fan el Censo Agropecuario y Forestal del a\u00f1o 2021.<\/div>\n<div>\u201cEl rol de las abejas es maravilloso en la naturaleza y en el medio ambiente, para que se produzcan los alimentos que consumimos. Ellas colocan en movimiento el ciclo para que podamos comer frutas, las verduras, se produzcan las prote\u00ednas, la leche, en definitiva, toda la comida. Eso es lo que hacen las abejitas, adem\u00e1s de nutrirnos con su miel, por su puesto. Quiero destacar que, como productores ap\u00edcolas, estamos s\u00faper contentos porque nos autorizaron para estar ac\u00e1 con las ni\u00f1as y ni\u00f1os, celebrando el D\u00eda Mundial de las Abejitas, por ello damos las gracias a la directora de la escuela Llaima, Ximena Aguayo Araneda, por habernos recibido\u201d, valor\u00f3 la presidenta del Comit\u00e9 Kochilhue, Mercedes Monsalves.<\/div>\n<div>Las abejas son esenciales para que muchas plantas y \u00e1rboles puedan desarrollarse y crecer, lo que representa la base de nuestra cadena alimenticia. El fomento de sistemas agr\u00edcolas m\u00e1s variados y la reducci\u00f3n de la dependencia de productos qu\u00edmicos t\u00f3xicos pueden facilitar un aumento de la polinizaci\u00f3n que realizan. Este enfoque puede permitir aumentar la cantidad de alimentos y mejorar su calidad, y beneficiar as\u00ed tanto a las poblaciones humanas como a nuestro ecosistema.<\/div>\n","protected":false},"excerpt":{"rendered":"<p>Estas peque\u00f1as polinizadoras nos dan mucho m\u00e1s que miel, tambi\u00e9n son fundamentales para el medioambiente, aportan a la soberan\u00eda agroalimentaria, a la biodiversidad de las especies, junto con mantener vivo y dulce a nuestro planeta. Con una entretenida charla dirigida a ni\u00f1os y ni\u00f1as, se celebr\u00f3 el D\u00eda Mundial de las Abejas en la Escuela LLaima. La conmemoraci\u00f3n tuvo como objetivo destacar el papel fundamental de las abejas en el desarrollo humano y en el equilibrio del medio ambiente, adem\u00e1s de crear conciencia entre los m\u00e1s peque\u00f1os sobre la necesidad de protegerlas. \u201cEs de vital importancia que los estudiantes, desde muy [&hellip;]<\/p>\n","protected":false},"author":2,"featured_media":23089,"comment_status":"closed","ping_status":"open","sticky":false,"template":"","format":"standard","meta":{"_crdt_document":"","_monsterinsights_skip_tracking":false,"_monsterinsights_sitenote_active":false,"_monsterinsights_sitenote_note":"","_monsterinsights_sitenote_category":0,"_jetpack_memberships_contains_paid_content":false,"footnotes":""},"categories":[8,7,2],"tags":[],"class_list":["post-23088","post","type-post","status-publish","format-standard","has-post-thumbnail","hentry","category-internacional","category-nacional","category-regionales"],"jetpack_featured_media_url":"https:\/\/radiotemuco.com\/home\/wp-content\/uploads\/2025\/05\/Escuela-Dia-de-las-Abejas-001.jpg","jetpack_sharing_enabled":true,"_links":{"self":[{"href":"https:\/\/radiotemuco.com\/home\/wp-json\/wp\/v2\/posts\/23088","targetHints":{"allow":["GET"]}}],"collection":[{"href":"https:\/\/radiotemuco.com\/home\/wp-json\/wp\/v2\/posts"}],"about":[{"href":"https:\/\/radiotemuco.com\/home\/wp-json\/wp\/v2\/types\/post"}],"author":[{"embeddable":true,"href":"https:\/\/radiotemuco.com\/home\/wp-json\/wp\/v2\/users\/2"}],"replies":[{"embeddable":true,"href":"https:\/\/radiotemuco.com\/home\/wp-json\/wp\/v2\/comments?post=23088"}],"version-history":[{"count":1,"href":"https:\/\/radiotemuco.com\/home\/wp-json\/wp\/v2\/posts\/23088\/revisions"}],"predecessor-version":[{"id":23090,"href":"https:\/\/radiotemuco.com\/home\/wp-json\/wp\/v2\/posts\/23088\/revisions\/23090"}],"wp:featuredmedia":[{"embeddable":true,"href":"https:\/\/radiotemuco.com\/home\/wp-json\/wp\/v2\/media\/23089"}],"wp:attachment":[{"href":"https:\/\/radiotemuco.com\/home\/wp-json\/wp\/v2\/media?parent=23088"}],"wp:term":[{"taxonomy":"category","embeddable":true,"href":"https:\/\/radiotemuco.com\/home\/wp-json\/wp\/v2\/categories?post=23088"},{"taxonomy":"post_tag","embeddable":true,"href":"https:\/\/radiotemuco.com\/home\/wp-json\/wp\/v2\/tags?post=23088"}],"curies":[{"name":"wp","href":"https:\/\/api.w.org\/{rel}","templated":true}]}}