{"id":23078,"date":"2025-05-20T13:09:35","date_gmt":"2025-05-20T13:09:35","guid":{"rendered":"https:\/\/radiotemuco.com\/home\/?p=23078"},"modified":"2025-05-20T13:09:35","modified_gmt":"2025-05-20T13:09:35","slug":"diputado-stephan-schubert-llama-a-monitorear-avances-en-la-crisis-financiera-de-la-ufro","status":"publish","type":"post","link":"https:\/\/radiotemuco.com\/home\/diputado-stephan-schubert-llama-a-monitorear-avances-en-la-crisis-financiera-de-la-ufro\/","title":{"rendered":"Diputado Stephan Schubert llama a monitorear avances en la crisis financiera de la UFRO"},"content":{"rendered":"<p>El diputado Stephan Schubert, representante de la regi\u00f3n de La Araucan\u00eda, se refiri\u00f3 a los avances en el plan de ajuste que implementa la Universidad de La Frontera (UFRO) para superar su cr\u00edtica situaci\u00f3n financiera. La instituci\u00f3n enfrenta un d\u00e9ficit que supera los 38 mil millones de pesos, lo que ha obligado a tomar dr\u00e1sticas medidas para asegurar su viabilidad.<\/p>\n<p>\u201cHa terminado una reuni\u00f3n que sostuvo con el Superintendente de Educaci\u00f3n Superior respecto de lo que est\u00e1 ocurriendo en la Universidad de La Frontera. Ellos recibieron un primer informe que est\u00e1n analizando y que definitivamente hay que ver en detalle, por lo tanto, se est\u00e1 trabajando en esa informaci\u00f3n\u201d, se\u00f1al\u00f3 el legislador.<\/p>\n<p>En ese contexto, el parlamentario agreg\u00f3 que es necesario garantizar que los cambios previamente acordados sean cumplidos por completo. \u201cHay que ver tambi\u00e9n que los cambios que se hab\u00edan acordado efectivamente se realicen, por lo tanto, hay mucho que hacer y por esa raz\u00f3n tambi\u00e9n seguir\u00e1n las visitas inspectivas\u201d, explic\u00f3 Schubert.<\/p>\n<p>Asimismo, el congresista del Partido Republicano subray\u00f3 su compromiso con el seguimiento continuo de la situaci\u00f3n. \u201cYo seguir\u00e9 monitoreando lo que est\u00e1 ocurriendo tanto al interior de la Universidad como con la informaci\u00f3n que est\u00e1 manejando la Superintendencia y un informe que ellos van a liberar, que es lo que la Universidad les ha entregado\u201d, coment\u00f3.<\/p>\n<p>Finalmente, el diputado asegur\u00f3 que el informe en cuesti\u00f3n ser\u00e1 de acceso p\u00fablico una vez que sea procesado. \u201cUna vez que ellos puedan procesar esa informaci\u00f3n, va a ser ese informe tambi\u00e9n de p\u00fablico conocimiento y lo podremos analizar en detalle\u201d, concluy\u00f3.<\/p>\n<p>La supervisi\u00f3n por parte de las autoridades ser\u00e1 clave para garantizar que la Universidad de La Frontera contin\u00fae avanzando en su proceso de ajuste, protegiendo tanto a su comunidad universitaria como a los recursos p\u00fablicos invertidos en su funcionamiento.<\/p>\n","protected":false},"excerpt":{"rendered":"<p>El diputado Stephan Schubert, representante de la regi\u00f3n de La Araucan\u00eda, se refiri\u00f3 a los avances en el plan de ajuste que implementa la Universidad de La Frontera (UFRO) para superar su cr\u00edtica situaci\u00f3n financiera. La instituci\u00f3n enfrenta un d\u00e9ficit que supera los 38 mil millones de pesos, lo que ha obligado a tomar dr\u00e1sticas medidas para asegurar su viabilidad. \u201cHa terminado una reuni\u00f3n que sostuvo con el Superintendente de Educaci\u00f3n Superior respecto de lo que est\u00e1 ocurriendo en la Universidad de La Frontera. Ellos recibieron un primer informe que est\u00e1n analizando y que definitivamente hay que ver en detalle, por [&hellip;]<\/p>\n","protected":false},"author":2,"featured_media":23079,"comment_status":"closed","ping_status":"open","sticky":false,"template":"","format":"standard","meta":{"_crdt_document":"","_monsterinsights_skip_tracking":false,"_monsterinsights_sitenote_active":false,"_monsterinsights_sitenote_note":"","_monsterinsights_sitenote_category":0,"_jetpack_memberships_contains_paid_content":false,"footnotes":""},"categories":[8,7,2],"tags":[],"class_list":["post-23078","post","type-post","status-publish","format-standard","has-post-thumbnail","hentry","category-internacional","category-nacional","category-regionales"],"jetpack_featured_media_url":"https:\/\/radiotemuco.com\/home\/wp-content\/uploads\/2025\/05\/WhatsApp-Image-2025-05-20-at-09.05.48.jpeg","jetpack_sharing_enabled":true,"_links":{"self":[{"href":"https:\/\/radiotemuco.com\/home\/wp-json\/wp\/v2\/posts\/23078","targetHints":{"allow":["GET"]}}],"collection":[{"href":"https:\/\/radiotemuco.com\/home\/wp-json\/wp\/v2\/posts"}],"about":[{"href":"https:\/\/radiotemuco.com\/home\/wp-json\/wp\/v2\/types\/post"}],"author":[{"embeddable":true,"href":"https:\/\/radiotemuco.com\/home\/wp-json\/wp\/v2\/users\/2"}],"replies":[{"embeddable":true,"href":"https:\/\/radiotemuco.com\/home\/wp-json\/wp\/v2\/comments?post=23078"}],"version-history":[{"count":1,"href":"https:\/\/radiotemuco.com\/home\/wp-json\/wp\/v2\/posts\/23078\/revisions"}],"predecessor-version":[{"id":23080,"href":"https:\/\/radiotemuco.com\/home\/wp-json\/wp\/v2\/posts\/23078\/revisions\/23080"}],"wp:featuredmedia":[{"embeddable":true,"href":"https:\/\/radiotemuco.com\/home\/wp-json\/wp\/v2\/media\/23079"}],"wp:attachment":[{"href":"https:\/\/radiotemuco.com\/home\/wp-json\/wp\/v2\/media?parent=23078"}],"wp:term":[{"taxonomy":"category","embeddable":true,"href":"https:\/\/radiotemuco.com\/home\/wp-json\/wp\/v2\/categories?post=23078"},{"taxonomy":"post_tag","embeddable":true,"href":"https:\/\/radiotemuco.com\/home\/wp-json\/wp\/v2\/tags?post=23078"}],"curies":[{"name":"wp","href":"https:\/\/api.w.org\/{rel}","templated":true}]}}