{"id":22858,"date":"2025-04-27T01:10:28","date_gmt":"2025-04-27T01:10:28","guid":{"rendered":"https:\/\/radiotemuco.com\/home\/?p=22858"},"modified":"2025-04-27T01:10:28","modified_gmt":"2025-04-27T01:10:28","slug":"marcelo-salas-por-director-tecnico-de-deportes-temuco-mario-salas-sigue-hasta-el-momento-sigue","status":"publish","type":"post","link":"https:\/\/radiotemuco.com\/home\/marcelo-salas-por-director-tecnico-de-deportes-temuco-mario-salas-sigue-hasta-el-momento-sigue\/","title":{"rendered":"Marcelo Salas por Director T\u00e9cnico de Deportes Temuco: &#8220;Mario Salas sigue, hasta el momento sigue&#8221;"},"content":{"rendered":"<p>Claramente los n\u00fameros no son los que la hinchada esperaba en la campa\u00f1a 2025 de Deportes Temuco, y es as\u00ed que en las grader\u00edas y mediante Redes Sociales han hecho saber su malestar al desempe\u00f1o del \u00a8Pije\u00a8 .<\/p>\n<p>Una vez terminado el compromiso en el cual el elenco de La Araucan\u00eda solo rescato un punto jugando frente a Curic\u00f3 Unido en el estadio Germ\u00e1n Becker el Presidente de la Instituci\u00f3n Albiverde Marcelo Salas habl\u00f3 con los medios de comunicaci\u00f3n para expresar su disconformidad con la campa\u00f1a que se ha dado en esta temporada y que ya van 8 fechas del campeonato de ascenso de Primera B. Pese a ello el timonel albiverde manifest\u00f3 que el DT continuar\u00e1 al mando de Deportes Temuco &#8220;hasta el momento&#8221;.<\/p>\n<audio class=\"wp-audio-shortcode\" id=\"audio-22858-1\" preload=\"none\" style=\"width: 100%;\" controls=\"controls\"><source type=\"audio\/mpeg\" src=\"https:\/\/radiotemuco.com\/home\/wp-content\/uploads\/2025\/04\/MARCELO-SALAS.mp3?_=1\" \/><a href=\"https:\/\/radiotemuco.com\/home\/wp-content\/uploads\/2025\/04\/MARCELO-SALAS.mp3\">https:\/\/radiotemuco.com\/home\/wp-content\/uploads\/2025\/04\/MARCELO-SALAS.mp3<\/a><\/audio>\n<p>Por otro lado al ser consultado Mario Salas por lo que se vio en el estadio y las palabras de Marcelo Salas, el dijo que no se hac\u00eda cargo de ello y que entend\u00eda a la gente la manera en que se manifestaban por la campa\u00f1a del equipo. Al ser consultado por su continuidad expres\u00f3 que no comentaban cosas que pueden suceder a futuro.<\/p>\n<audio class=\"wp-audio-shortcode\" id=\"audio-22858-2\" preload=\"none\" style=\"width: 100%;\" controls=\"controls\"><source type=\"audio\/mpeg\" src=\"https:\/\/radiotemuco.com\/home\/wp-content\/uploads\/2025\/04\/MARIO-SALAS.mp3?_=2\" \/><a href=\"https:\/\/radiotemuco.com\/home\/wp-content\/uploads\/2025\/04\/MARIO-SALAS.mp3\">https:\/\/radiotemuco.com\/home\/wp-content\/uploads\/2025\/04\/MARIO-SALAS.mp3<\/a><\/audio>\n<p>Con esta campa\u00f1a en la que la hinchada esperaba que de una vez por todas el Albiverde demostrara en cancha que es un equipo para subir de categor\u00eda El Pije est\u00e1 demostrando ser un paciente cr\u00f3nico que permanecer\u00e1 eternamente en Primera B.<\/p>\n<p>&nbsp;<\/p>\n<p>&nbsp;<\/p>\n","protected":false},"excerpt":{"rendered":"<p>Claramente los n\u00fameros no son los que la hinchada esperaba en la campa\u00f1a 2025 de Deportes Temuco, y es as\u00ed que en las grader\u00edas y mediante Redes Sociales han hecho saber su malestar al desempe\u00f1o del \u00a8Pije\u00a8 . Una vez terminado el compromiso en el cual el elenco de La Araucan\u00eda solo rescato un punto jugando frente a Curic\u00f3 Unido en el estadio Germ\u00e1n Becker el Presidente de la Instituci\u00f3n Albiverde Marcelo Salas habl\u00f3 con los medios de comunicaci\u00f3n para expresar su disconformidad con la campa\u00f1a que se ha dado en esta temporada y que ya van 8 fechas del campeonato [&hellip;]<\/p>\n","protected":false},"author":2,"featured_media":22859,"comment_status":"closed","ping_status":"open","sticky":false,"template":"","format":"standard","meta":{"_crdt_document":"","_monsterinsights_skip_tracking":false,"_monsterinsights_sitenote_active":false,"_monsterinsights_sitenote_note":"","_monsterinsights_sitenote_category":0,"_jetpack_memberships_contains_paid_content":false,"footnotes":""},"categories":[3,8,7,2],"tags":[],"class_list":["post-22858","post","type-post","status-publish","format-standard","has-post-thumbnail","hentry","category-deportivas","category-internacional","category-nacional","category-regionales"],"jetpack_featured_media_url":"https:\/\/radiotemuco.com\/home\/wp-content\/uploads\/2025\/04\/WhatsApp-Image-2025-04-26-at-19.51.37.jpeg","jetpack_sharing_enabled":true,"_links":{"self":[{"href":"https:\/\/radiotemuco.com\/home\/wp-json\/wp\/v2\/posts\/22858","targetHints":{"allow":["GET"]}}],"collection":[{"href":"https:\/\/radiotemuco.com\/home\/wp-json\/wp\/v2\/posts"}],"about":[{"href":"https:\/\/radiotemuco.com\/home\/wp-json\/wp\/v2\/types\/post"}],"author":[{"embeddable":true,"href":"https:\/\/radiotemuco.com\/home\/wp-json\/wp\/v2\/users\/2"}],"replies":[{"embeddable":true,"href":"https:\/\/radiotemuco.com\/home\/wp-json\/wp\/v2\/comments?post=22858"}],"version-history":[{"count":1,"href":"https:\/\/radiotemuco.com\/home\/wp-json\/wp\/v2\/posts\/22858\/revisions"}],"predecessor-version":[{"id":22862,"href":"https:\/\/radiotemuco.com\/home\/wp-json\/wp\/v2\/posts\/22858\/revisions\/22862"}],"wp:featuredmedia":[{"embeddable":true,"href":"https:\/\/radiotemuco.com\/home\/wp-json\/wp\/v2\/media\/22859"}],"wp:attachment":[{"href":"https:\/\/radiotemuco.com\/home\/wp-json\/wp\/v2\/media?parent=22858"}],"wp:term":[{"taxonomy":"category","embeddable":true,"href":"https:\/\/radiotemuco.com\/home\/wp-json\/wp\/v2\/categories?post=22858"},{"taxonomy":"post_tag","embeddable":true,"href":"https:\/\/radiotemuco.com\/home\/wp-json\/wp\/v2\/tags?post=22858"}],"curies":[{"name":"wp","href":"https:\/\/api.w.org\/{rel}","templated":true}]}}