{"id":22855,"date":"2025-04-27T00:44:07","date_gmt":"2025-04-27T00:44:07","guid":{"rendered":"https:\/\/radiotemuco.com\/home\/?p=22855"},"modified":"2025-04-27T00:44:07","modified_gmt":"2025-04-27T00:44:07","slug":"deportes-temuco-empato-en-casa-e-hinchas-piden-la-salida-del-dt-salas","status":"publish","type":"post","link":"https:\/\/radiotemuco.com\/home\/deportes-temuco-empato-en-casa-e-hinchas-piden-la-salida-del-dt-salas\/","title":{"rendered":"Deportes Temuco empat\u00f3 en casa e hinchas piden la salida del DT Salas"},"content":{"rendered":"<p>Deportes Temuco el equipo dirigido por Mario Salas hasta el momento logr\u00f3 rescatar una igualdad 0-0 ante Curic\u00f3 Unido\u00a0en el Estadio &#8220;Germ\u00e1n Becker&#8221;, por la octava fecha del Ascenso.<\/p>\n<p>El cuadro de La Araucan\u00eda entr\u00f3 complicado al compromiso en su reducto despu\u00e9s de conocer que el meta Yerko Urra se lesion\u00f3 durante el calentamiento previo. Esto, provoc\u00f3 que el argentino\u00a0Gabriel Degenhardt\u00a0debutase de reemplazo en la formaci\u00f3n titular de \u00faltimo minuto.<\/p>\n<p>Bajo ese contexto, el compromiso estuvo bastante parejo y el exarquero de River Plate se luci\u00f3 atajando remates a\u00a0Claudio\u00a0Meneses (3&#8242;), Maximiliano Quinteros (37&#8242;) y Yerko Leiva (53&#8242;).<\/p>\n<p>Pese a su actuaci\u00f3n, Degenhardt cometi\u00f3 una falta fuera del \u00e1rea al frenar una ocasi\u00f3n manifiesta de gol sobre los descuentos y\u00a0termin\u00f3 viendo la roja (90+2&#8242;). Ante esto, el volante uruguayo\u00a0Camilo N\u00fa\u00f1ez se puso los guantes\u00a0para aguantar el empate final.<\/p>\n<p>Otro punto a considerar es el malestar que est\u00e1 generando en la hinchada Albiverde. En la galer\u00eda \u00d1ielol se pudo escuchar algunos c\u00e1nticos pidiendo la salida de Mario Salas.<\/p>\n<div id=\"coop_m_parallax_1\" class=\"publicidad_dfp deco_99158_dfp\">\n<div id=\"deco_99711_dfp\" class=\"deco_99711_dfp\">Este resultado mantuvo a Temuco en la parte baja de la tabla con seis puntos, al estadio Germ\u00e1n Becker asistieron 3.910 espectadores controlados.<\/div>\n<\/div>\n","protected":false},"excerpt":{"rendered":"<p>Deportes Temuco el equipo dirigido por Mario Salas hasta el momento logr\u00f3 rescatar una igualdad 0-0 ante Curic\u00f3 Unido\u00a0en el Estadio &#8220;Germ\u00e1n Becker&#8221;, por la octava fecha del Ascenso. El cuadro de La Araucan\u00eda entr\u00f3 complicado al compromiso en su reducto despu\u00e9s de conocer que el meta Yerko Urra se lesion\u00f3 durante el calentamiento previo. Esto, provoc\u00f3 que el argentino\u00a0Gabriel Degenhardt\u00a0debutase de reemplazo en la formaci\u00f3n titular de \u00faltimo minuto. Bajo ese contexto, el compromiso estuvo bastante parejo y el exarquero de River Plate se luci\u00f3 atajando remates a\u00a0Claudio\u00a0Meneses (3&#8242;), Maximiliano Quinteros (37&#8242;) y Yerko Leiva (53&#8242;). Pese a su actuaci\u00f3n, [&hellip;]<\/p>\n","protected":false},"author":2,"featured_media":22856,"comment_status":"closed","ping_status":"open","sticky":false,"template":"","format":"standard","meta":{"_crdt_document":"","_monsterinsights_skip_tracking":false,"_monsterinsights_sitenote_active":false,"_monsterinsights_sitenote_note":"","_monsterinsights_sitenote_category":0,"_jetpack_memberships_contains_paid_content":false,"footnotes":""},"categories":[3,8,7,2],"tags":[],"class_list":["post-22855","post","type-post","status-publish","format-standard","has-post-thumbnail","hentry","category-deportivas","category-internacional","category-nacional","category-regionales"],"jetpack_featured_media_url":"https:\/\/radiotemuco.com\/home\/wp-content\/uploads\/2025\/04\/WhatsApp-Image-2025-04-26-at-19.07.36.jpeg","jetpack_sharing_enabled":true,"_links":{"self":[{"href":"https:\/\/radiotemuco.com\/home\/wp-json\/wp\/v2\/posts\/22855","targetHints":{"allow":["GET"]}}],"collection":[{"href":"https:\/\/radiotemuco.com\/home\/wp-json\/wp\/v2\/posts"}],"about":[{"href":"https:\/\/radiotemuco.com\/home\/wp-json\/wp\/v2\/types\/post"}],"author":[{"embeddable":true,"href":"https:\/\/radiotemuco.com\/home\/wp-json\/wp\/v2\/users\/2"}],"replies":[{"embeddable":true,"href":"https:\/\/radiotemuco.com\/home\/wp-json\/wp\/v2\/comments?post=22855"}],"version-history":[{"count":1,"href":"https:\/\/radiotemuco.com\/home\/wp-json\/wp\/v2\/posts\/22855\/revisions"}],"predecessor-version":[{"id":22857,"href":"https:\/\/radiotemuco.com\/home\/wp-json\/wp\/v2\/posts\/22855\/revisions\/22857"}],"wp:featuredmedia":[{"embeddable":true,"href":"https:\/\/radiotemuco.com\/home\/wp-json\/wp\/v2\/media\/22856"}],"wp:attachment":[{"href":"https:\/\/radiotemuco.com\/home\/wp-json\/wp\/v2\/media?parent=22855"}],"wp:term":[{"taxonomy":"category","embeddable":true,"href":"https:\/\/radiotemuco.com\/home\/wp-json\/wp\/v2\/categories?post=22855"},{"taxonomy":"post_tag","embeddable":true,"href":"https:\/\/radiotemuco.com\/home\/wp-json\/wp\/v2\/tags?post=22855"}],"curies":[{"name":"wp","href":"https:\/\/api.w.org\/{rel}","templated":true}]}}