{"id":21517,"date":"2024-11-02T12:25:38","date_gmt":"2024-11-02T12:25:38","guid":{"rendered":"https:\/\/radiotemuco.com\/home\/?p=21517"},"modified":"2024-11-02T12:25:38","modified_gmt":"2024-11-02T12:25:38","slug":"alaniz-lagos-una-nueva-estrella-de-la-musica-ranchera-nacional-debuta-en-casino-dreams-temuco","status":"publish","type":"post","link":"https:\/\/radiotemuco.com\/home\/alaniz-lagos-una-nueva-estrella-de-la-musica-ranchera-nacional-debuta-en-casino-dreams-temuco\/","title":{"rendered":"Alaniz Lagos: una nueva estrella de la m\u00fasica ranchera nacional debuta en Casino Dreams Temuco"},"content":{"rendered":"<p>La joven cantante chilena Alanys Lagos, de solo 18 a\u00f1os, se prepara para su esperado debut en el escenario de Dreams Temuco, un evento que promete ser un hito en su carrera musical. Con una creciente popularidad en el g\u00e9nero ranchero, Alanys ha cautivado al p\u00fablico con su potente voz y carisma, convirti\u00e9ndose en una de las grandes promesas de la m\u00fasica chilena. Pese a su corta edad ya se ha presentado en escenarios tan importantes como la Quinta Vergara, el\u00a0Patagual\u00a0y hasta telone\u00f3 al gran\u00a0Pedro Fern\u00e1ndez\u00a0en un\u00a0Movistar Arena\u00a0repleto de gente.<\/p>\n<p><strong>Familia<\/strong><\/p>\n<p>Desde sus inicios Alanys ha estado influenciada por su familia, parte de la Dinast\u00eda Lagos, un clan conocido por su dedicaci\u00f3n a la m\u00fasica ranchera. A pesar de haber tenido el sue\u00f1o de ser bailarina, su talento vocal pronto se hizo evidente y el p\u00fablico la anim\u00f3 a seguir el camino del canto.<\/p>\n<p>Su participaci\u00f3n en el programa de talentos &#8220;The Voice Chile&#8221; fue un punto de inflexi\u00f3n en su carrera, donde form\u00f3 parte del equipo de Gente de Zona.<\/p>\n<p><strong>Producciones<\/strong><\/p>\n<p>Recientemente ha lanzado &#8220;Si Supieras&#8221;, una balada de desamor que muestra su capacidad para interpretar letras profundas y emocionales, manteniendo el ritmo caracter\u00edstico de la ranchera. Adem\u00e1s, su colaboraci\u00f3n con Z\u00fambale Primo en &#8220;Basta Ya&#8221; ha alcanzado m\u00e1s de 7 millones de reproducciones en YouTube, consolidando su presencia en la industria musical.<\/p>\n<p>En conversaci\u00f3n con este medio, Alanys expres\u00f3 su emoci\u00f3n por su debut en Dreams Temuco, donde espera compartir un repertorio que incluir\u00e1 tanto cl\u00e1sicos del g\u00e9nero como sus propias composiciones. \u201cPara m\u00ed es muy bonito ir al sur, porque mi familia por parte de pap\u00e1 es de all\u00ed. Les llevo m\u00fasica y muchas canciones conocidas, adem\u00e1s de mis temas in\u00e9ditos&#8221;, coment\u00f3.<\/p>\n<p><strong>Gira<\/strong><\/p>\n<p>La artista tambi\u00e9n destac\u00f3 la importancia de la interacci\u00f3n con su p\u00fablico durante el show: &#8220;Quiero que todos disfruten y se sientan parte del espect\u00e1culo. Este es un momento que he esperado con ansias&#8221;.<\/p>\n<p>Con planes de recorrer todo Chile y la promesa de nuevas colaboraciones, la novel artista se posiciona como una de las voces m\u00e1s frescas y prometedoras de la m\u00fasica ranchera en el pa\u00eds. El evento en Dreams Temuco no solo ser\u00e1 un debut, sino una celebraci\u00f3n del talento y la pasi\u00f3n que la joven artista trae consigo donde interpretar\u00e1 temas como \u201cLa \u201cBasurita\u201d. \u201cYo Quiero Todo Contigo\u201d. \u201cMochila Con Piedras\u201d. \u201cUsted Se Parece\u201d y \u201cTe Qued\u00f3 Grande La Yegua\u201d, entre otros<\/p>\n<p>El acceso al show es gratis con la entrada al casino cuyo importe total es en beneficio fiscal.<\/p>\n","protected":false},"excerpt":{"rendered":"<p>La joven cantante chilena Alanys Lagos, de solo 18 a\u00f1os, se prepara para su esperado debut en el escenario de Dreams Temuco, un evento que promete ser un hito en su carrera musical. Con una creciente popularidad en el g\u00e9nero ranchero, Alanys ha cautivado al p\u00fablico con su potente voz y carisma, convirti\u00e9ndose en una de las grandes promesas de la m\u00fasica chilena. Pese a su corta edad ya se ha presentado en escenarios tan importantes como la Quinta Vergara, el\u00a0Patagual\u00a0y hasta telone\u00f3 al gran\u00a0Pedro Fern\u00e1ndez\u00a0en un\u00a0Movistar Arena\u00a0repleto de gente. Familia Desde sus inicios Alanys ha estado influenciada por su familia, [&hellip;]<\/p>\n","protected":false},"author":2,"featured_media":21518,"comment_status":"closed","ping_status":"open","sticky":false,"template":"","format":"standard","meta":{"_crdt_document":"","_monsterinsights_skip_tracking":false,"_monsterinsights_sitenote_active":false,"_monsterinsights_sitenote_note":"","_monsterinsights_sitenote_category":0,"_jetpack_memberships_contains_paid_content":false,"footnotes":""},"categories":[8,7,2],"tags":[],"class_list":["post-21517","post","type-post","status-publish","format-standard","has-post-thumbnail","hentry","category-internacional","category-nacional","category-regionales"],"jetpack_featured_media_url":"https:\/\/radiotemuco.com\/home\/wp-content\/uploads\/2024\/11\/001.jpg","jetpack_sharing_enabled":true,"_links":{"self":[{"href":"https:\/\/radiotemuco.com\/home\/wp-json\/wp\/v2\/posts\/21517","targetHints":{"allow":["GET"]}}],"collection":[{"href":"https:\/\/radiotemuco.com\/home\/wp-json\/wp\/v2\/posts"}],"about":[{"href":"https:\/\/radiotemuco.com\/home\/wp-json\/wp\/v2\/types\/post"}],"author":[{"embeddable":true,"href":"https:\/\/radiotemuco.com\/home\/wp-json\/wp\/v2\/users\/2"}],"replies":[{"embeddable":true,"href":"https:\/\/radiotemuco.com\/home\/wp-json\/wp\/v2\/comments?post=21517"}],"version-history":[{"count":1,"href":"https:\/\/radiotemuco.com\/home\/wp-json\/wp\/v2\/posts\/21517\/revisions"}],"predecessor-version":[{"id":21519,"href":"https:\/\/radiotemuco.com\/home\/wp-json\/wp\/v2\/posts\/21517\/revisions\/21519"}],"wp:featuredmedia":[{"embeddable":true,"href":"https:\/\/radiotemuco.com\/home\/wp-json\/wp\/v2\/media\/21518"}],"wp:attachment":[{"href":"https:\/\/radiotemuco.com\/home\/wp-json\/wp\/v2\/media?parent=21517"}],"wp:term":[{"taxonomy":"category","embeddable":true,"href":"https:\/\/radiotemuco.com\/home\/wp-json\/wp\/v2\/categories?post=21517"},{"taxonomy":"post_tag","embeddable":true,"href":"https:\/\/radiotemuco.com\/home\/wp-json\/wp\/v2\/tags?post=21517"}],"curies":[{"name":"wp","href":"https:\/\/api.w.org\/{rel}","templated":true}]}}