{"id":2082,"date":"2017-11-20T20:22:47","date_gmt":"2017-11-20T20:22:47","guid":{"rendered":"http:\/\/radiotemuco.com\/home\/?p=2082"},"modified":"2017-11-21T19:58:36","modified_gmt":"2017-11-21T19:58:36","slug":"sebv-de-la","status":"publish","type":"post","link":"https:\/\/radiotemuco.com\/home\/sebv-de-la\/","title":{"rendered":"SEBV de La Araucan\u00eda y Aduanas sacan de circulaci\u00f3n veh\u00edculos por contrabando"},"content":{"rendered":"<p style=\"font-weight: 400;\"><em>En el primer operativo de fiscalizaci\u00f3n en la Regi\u00f3n, se revisaron 32 veh\u00edculos incautando un autom\u00f3vil deportivo avaluado en 25 millones de pesos.<\/em><\/p>\n<p style=\"font-weight: 400;\">La Secci\u00f3n Encargo y B\u00fasqueda de Veh\u00edculos de Carabineros (SEBV) y la Direcci\u00f3n Regional Aduanas de Talcahuano, en el marco de una alianza estrat\u00e9gica, se unen para sacar de circulaci\u00f3n veh\u00edculos por el delito de contrabando en La Araucan\u00eda.<\/p>\n<p style=\"font-weight: 400;\">Lo anterior, realizando acciones operativas en forma conjunta, en lo que respecta a la fiscalizaci\u00f3n de veh\u00edculos motorizados en una eventual vulneraci\u00f3n de la franquicia aduanera.<\/p>\n<p style=\"font-weight: 400;\">En el primer operativo de fiscalizaci\u00f3n en la Regi\u00f3n, el SEBV y Aduanas, revisaron 32 veh\u00edculos, permitiendo incautar un autom\u00f3vil deportivo, marca Nissan, modelo Z 350, a\u00f1o 2010, avaluado en 25 millones de pesos.<\/p>\n<p style=\"font-weight: 400;\">Seg\u00fan precis\u00f3 el jefe del SEBV de Carabineros en La Araucan\u00eda, Capit\u00e1n Luis Baeza Lagos, gracias a la fiscalizaci\u00f3n conjunta &#8220;se logr\u00f3 establecer con personal de Aduanas que este veh\u00edculo, hab\u00eda sido trasladado desde el norte del pa\u00eds hacia la ciudad de Temuco en forma fraudulenta, configur\u00e1ndose el delito de contrabando, lo que motiv\u00f3 su inmediata incautaci\u00f3n&#8221;.<\/p>\n<p style=\"font-weight: 400;\">&#8220;Con estas acciones, como Carabineros en conjunto con otros organismos gubernamentales, buscamos traspasar la inseguridad que pueda sentir la comunidad hacia los delincuentes y que las personas en La Araucan\u00eda, duerman, vivan y se desplacen tranquilas&#8221;, destac\u00f3 el Capit\u00e1n Luis Baeza.<\/p>\n<p style=\"font-weight: 400;\">Los operativos SEBV-Aduanas continuar\u00e1n realiz\u00e1ndose en la Regi\u00f3n, con el objetivo de sacar de circulaci\u00f3n veh\u00edculos que transiten de manera irregular, para as\u00ed normalizar el parque vehicular en beneficio de la poblaci\u00f3n.<\/p>\n","protected":false},"excerpt":{"rendered":"<p>En el primer operativo de fiscalizaci\u00f3n en la Regi\u00f3n, se revisaron 32 veh\u00edculos incautando un autom\u00f3vil deportivo avaluado en 25 millones de pesos. La Secci\u00f3n Encargo y B\u00fasqueda de Veh\u00edculos de Carabineros (SEBV) y la Direcci\u00f3n Regional Aduanas de Talcahuano, en el marco de una alianza estrat\u00e9gica, se unen para sacar de circulaci\u00f3n veh\u00edculos por el delito de contrabando en La Araucan\u00eda. Lo anterior, realizando acciones operativas en forma conjunta, en lo que respecta a la fiscalizaci\u00f3n de veh\u00edculos motorizados en una eventual vulneraci\u00f3n de la franquicia aduanera. En el primer operativo de fiscalizaci\u00f3n en la Regi\u00f3n, el SEBV y Aduanas, [&hellip;]<\/p>\n","protected":false},"author":2,"featured_media":2083,"comment_status":"open","ping_status":"open","sticky":false,"template":"","format":"standard","meta":{"_crdt_document":"","_monsterinsights_skip_tracking":false,"_monsterinsights_sitenote_active":false,"_monsterinsights_sitenote_note":"","_monsterinsights_sitenote_category":0,"_jetpack_memberships_contains_paid_content":false,"footnotes":""},"categories":[7,2],"tags":[],"class_list":["post-2082","post","type-post","status-publish","format-standard","has-post-thumbnail","hentry","category-nacional","category-regionales"],"jetpack_featured_media_url":"https:\/\/radiotemuco.com\/home\/wp-content\/uploads\/2017\/11\/2017-11-20-PHOTO-00000205.jpg","jetpack_sharing_enabled":true,"_links":{"self":[{"href":"https:\/\/radiotemuco.com\/home\/wp-json\/wp\/v2\/posts\/2082","targetHints":{"allow":["GET"]}}],"collection":[{"href":"https:\/\/radiotemuco.com\/home\/wp-json\/wp\/v2\/posts"}],"about":[{"href":"https:\/\/radiotemuco.com\/home\/wp-json\/wp\/v2\/types\/post"}],"author":[{"embeddable":true,"href":"https:\/\/radiotemuco.com\/home\/wp-json\/wp\/v2\/users\/2"}],"replies":[{"embeddable":true,"href":"https:\/\/radiotemuco.com\/home\/wp-json\/wp\/v2\/comments?post=2082"}],"version-history":[{"count":1,"href":"https:\/\/radiotemuco.com\/home\/wp-json\/wp\/v2\/posts\/2082\/revisions"}],"predecessor-version":[{"id":2084,"href":"https:\/\/radiotemuco.com\/home\/wp-json\/wp\/v2\/posts\/2082\/revisions\/2084"}],"wp:featuredmedia":[{"embeddable":true,"href":"https:\/\/radiotemuco.com\/home\/wp-json\/wp\/v2\/media\/2083"}],"wp:attachment":[{"href":"https:\/\/radiotemuco.com\/home\/wp-json\/wp\/v2\/media?parent=2082"}],"wp:term":[{"taxonomy":"category","embeddable":true,"href":"https:\/\/radiotemuco.com\/home\/wp-json\/wp\/v2\/categories?post=2082"},{"taxonomy":"post_tag","embeddable":true,"href":"https:\/\/radiotemuco.com\/home\/wp-json\/wp\/v2\/tags?post=2082"}],"curies":[{"name":"wp","href":"https:\/\/api.w.org\/{rel}","templated":true}]}}