{"id":19117,"date":"2024-01-05T13:28:27","date_gmt":"2024-01-05T13:28:27","guid":{"rendered":"https:\/\/radiotemuco.com\/home\/?p=19117"},"modified":"2024-01-05T13:28:27","modified_gmt":"2024-01-05T13:28:27","slug":"pdi-detuvo-a-dos-hombres-por-robo-a-vehiculos-en-estacionamiento-de-supermercado-de-villarrica","status":"publish","type":"post","link":"https:\/\/radiotemuco.com\/home\/pdi-detuvo-a-dos-hombres-por-robo-a-vehiculos-en-estacionamiento-de-supermercado-de-villarrica\/","title":{"rendered":"PDI detuvo a dos hombres por robo a veh\u00edculos en estacionamiento de supermercado de Villarrica"},"content":{"rendered":"<p>En un r\u00e1pido actuar, detectives de la Brigada de Investigaci\u00f3n Criminal (Bicrim) Villarrica, junto a personal de Seguridad P\u00fablica de la Municipalidad de esa ciudad, detuvieron a dos hombres, mayores de edad, por los delitos flagrantes de robo en bienes nacionales de uso p\u00fablico y porte de elementos conocidos para cometer delito.<\/p>\n<p>La subprefecta Maricel Torres, jefa de la Bicrim Villarrica, indic\u00f3 que, los detectives de esa unidad detectaron la comisi\u00f3n flagrante de robo de bienes nacionales de uso p\u00fablico al interior del estacionamiento de un supermercado de esa comuna; \u201csujetos desconocidos, premunidos de un inhibidor de se\u00f1al, interfer\u00edan las alarmas de los veh\u00edculos, sustrayendo especies para luego cargarlas en un autom\u00f3vil en el que se movilizaban\u201d, agreg\u00f3 la oficial de la PDI.<\/p>\n<p>Al efectuar el control policial, los detectives detuvieron al conductor del veh\u00edculo, sin embargo, los otros dos ocupantes del m\u00f3vil se dieron a la fuga, \u201csiendo, uno de ellos, localizado minutos m\u00e1s tarde, por personal de seguridad municipal de Villarrica\u201d, indic\u00f3 la subprefecta Torres.<\/p>\n<p>Cabe se\u00f1alar que con este accionar en conjunto, entre la PDI y el municipio local, se logr\u00f3 detener a dos de los tres sujetos, ambos con antecedentes policiales por delitos como robo y receptaci\u00f3n, la incautaci\u00f3n del inhibidor de se\u00f1al, adem\u00e1s de la recuperaci\u00f3n de las especies sustra\u00eddas \u2013 avaluadas en un mill\u00f3n $800 mil pesos-, las que fueron entregadas a sus propietarios.<\/p>\n<p>Por instrucci\u00f3n de la Fiscal\u00eda de Flagrancia y Primeras Diligencias, ambos imputados fueron puestos a disposici\u00f3n del Juzgado de Garant\u00eda de Villarrica, donde se efectu\u00f3 el control de detenci\u00f3n y formalizaci\u00f3n de cargos.<\/p>\n","protected":false},"excerpt":{"rendered":"<p>En un r\u00e1pido actuar, detectives de la Brigada de Investigaci\u00f3n Criminal (Bicrim) Villarrica, junto a personal de Seguridad P\u00fablica de la Municipalidad de esa ciudad, detuvieron a dos hombres, mayores de edad, por los delitos flagrantes de robo en bienes nacionales de uso p\u00fablico y porte de elementos conocidos para cometer delito. La subprefecta Maricel Torres, jefa de la Bicrim Villarrica, indic\u00f3 que, los detectives de esa unidad detectaron la comisi\u00f3n flagrante de robo de bienes nacionales de uso p\u00fablico al interior del estacionamiento de un supermercado de esa comuna; \u201csujetos desconocidos, premunidos de un inhibidor de se\u00f1al, interfer\u00edan las alarmas [&hellip;]<\/p>\n","protected":false},"author":2,"featured_media":19118,"comment_status":"closed","ping_status":"open","sticky":false,"template":"","format":"standard","meta":{"_crdt_document":"","_monsterinsights_skip_tracking":false,"_monsterinsights_sitenote_active":false,"_monsterinsights_sitenote_note":"","_monsterinsights_sitenote_category":0,"_jetpack_memberships_contains_paid_content":false,"footnotes":""},"categories":[8,7,2],"tags":[],"class_list":["post-19117","post","type-post","status-publish","format-standard","has-post-thumbnail","hentry","category-internacional","category-nacional","category-regionales"],"jetpack_featured_media_url":"https:\/\/radiotemuco.com\/home\/wp-content\/uploads\/2024\/01\/WhatsApp-Image-2024-01-04-at-17.07.08.jpeg","jetpack_sharing_enabled":true,"_links":{"self":[{"href":"https:\/\/radiotemuco.com\/home\/wp-json\/wp\/v2\/posts\/19117","targetHints":{"allow":["GET"]}}],"collection":[{"href":"https:\/\/radiotemuco.com\/home\/wp-json\/wp\/v2\/posts"}],"about":[{"href":"https:\/\/radiotemuco.com\/home\/wp-json\/wp\/v2\/types\/post"}],"author":[{"embeddable":true,"href":"https:\/\/radiotemuco.com\/home\/wp-json\/wp\/v2\/users\/2"}],"replies":[{"embeddable":true,"href":"https:\/\/radiotemuco.com\/home\/wp-json\/wp\/v2\/comments?post=19117"}],"version-history":[{"count":1,"href":"https:\/\/radiotemuco.com\/home\/wp-json\/wp\/v2\/posts\/19117\/revisions"}],"predecessor-version":[{"id":19119,"href":"https:\/\/radiotemuco.com\/home\/wp-json\/wp\/v2\/posts\/19117\/revisions\/19119"}],"wp:featuredmedia":[{"embeddable":true,"href":"https:\/\/radiotemuco.com\/home\/wp-json\/wp\/v2\/media\/19118"}],"wp:attachment":[{"href":"https:\/\/radiotemuco.com\/home\/wp-json\/wp\/v2\/media?parent=19117"}],"wp:term":[{"taxonomy":"category","embeddable":true,"href":"https:\/\/radiotemuco.com\/home\/wp-json\/wp\/v2\/categories?post=19117"},{"taxonomy":"post_tag","embeddable":true,"href":"https:\/\/radiotemuco.com\/home\/wp-json\/wp\/v2\/tags?post=19117"}],"curies":[{"name":"wp","href":"https:\/\/api.w.org\/{rel}","templated":true}]}}