{"id":19114,"date":"2024-01-05T13:26:18","date_gmt":"2024-01-05T13:26:18","guid":{"rendered":"https:\/\/radiotemuco.com\/home\/?p=19114"},"modified":"2024-01-05T13:26:18","modified_gmt":"2024-01-05T13:26:18","slug":"este-viernes-banda-placard-llega-con-lo-mejor-de-soda-stereo-a-casino-dreams-temuco","status":"publish","type":"post","link":"https:\/\/radiotemuco.com\/home\/este-viernes-banda-placard-llega-con-lo-mejor-de-soda-stereo-a-casino-dreams-temuco\/","title":{"rendered":"Este viernes Banda \u201dPlacard\u201d llega con lo mejor de Soda Stereo a Casino Dreams Temuco"},"content":{"rendered":"<p>Pese a que se definen como una banda en constante crecimiento y a que su fundaci\u00f3n data reci\u00e9n del a\u00f1o 2015, han logrado un sello tan especial que les ha valido el reconocimiento a nivel nacional. Hablamos de Placard, un tributo de calidad cuyos integrantes, oriundos de Temuco, a poco andar hicieron de la m\u00fasica ochentera su pasi\u00f3n y como se\u00f1ala su vocalista Jaime Cabello, se dieron cuenta que gran cantidad de los temas que interpretaban eran precisamente de Soda Stereo.<\/p>\n<p>As\u00ed nace uno de los m\u00e1s reconocidos tributos a Gustavo Ceratti y su obra que esta vez revivir\u00e1, durante poco m\u00e1s de una hora, en el escenario del Restobar Lucky 7 de Dreams Temuco.<\/p>\n<p>Integrantes<\/p>\n<p>Alvaro Cheuquem\u00e1n en primera Guitarra. Carlos Schultz en bajo. Fernando Cares, en bater\u00eda y el mencionado Cabello, desplegar\u00e1n lo mejor del extinto grupo trasandino desde pasadas las 23:00 horas de este vierbes en el centro de entretenci\u00f3n de la capital de La Araucan\u00eda. \u201cSer\u00e1 un tremendo espect\u00e1culo para un p\u00fablico que es cercano y participativo, es sin duda un imperdible\u201d, sentenci\u00f3 el l\u00edder de la banda tributo.<\/p>\n<p>Los m\u00e1s de 200 shows a lo largo y ancho del pa\u00eds le otorgan a Placard un sitial de privilegio en cuanto a inmortalizar a Soda Stereo. \u201cLo participativo que hacemos el show con la gente, lo que transmitimos: buenas vibras y la cercan\u00eda, son elementos que el p\u00fablico valora. Somos livianitos, compartimos, nos sacamos fotos, videos, eso nos hace muy felices y por ello estamos ansiosos de presentarnos en nuestra casa. Adem\u00e1s estamos sonando cada vez mejor y queremos que el p\u00fablico disfrute eso\u201d, expres\u00f3 Jaime Cabello.<\/p>\n<p>Al show de Placard se accede gratis, con la entrada al casino cuyo importe total es en beneficio fiscal.<\/p>\n","protected":false},"excerpt":{"rendered":"<p>Pese a que se definen como una banda en constante crecimiento y a que su fundaci\u00f3n data reci\u00e9n del a\u00f1o 2015, han logrado un sello tan especial que les ha valido el reconocimiento a nivel nacional. Hablamos de Placard, un tributo de calidad cuyos integrantes, oriundos de Temuco, a poco andar hicieron de la m\u00fasica ochentera su pasi\u00f3n y como se\u00f1ala su vocalista Jaime Cabello, se dieron cuenta que gran cantidad de los temas que interpretaban eran precisamente de Soda Stereo. As\u00ed nace uno de los m\u00e1s reconocidos tributos a Gustavo Ceratti y su obra que esta vez revivir\u00e1, durante poco [&hellip;]<\/p>\n","protected":false},"author":2,"featured_media":19115,"comment_status":"closed","ping_status":"open","sticky":false,"template":"","format":"standard","meta":{"_crdt_document":"","_monsterinsights_skip_tracking":false,"_monsterinsights_sitenote_active":false,"_monsterinsights_sitenote_note":"","_monsterinsights_sitenote_category":0,"_jetpack_memberships_contains_paid_content":false,"footnotes":""},"categories":[8,7,2],"tags":[],"class_list":["post-19114","post","type-post","status-publish","format-standard","has-post-thumbnail","hentry","category-internacional","category-nacional","category-regionales"],"jetpack_featured_media_url":"https:\/\/radiotemuco.com\/home\/wp-content\/uploads\/2024\/01\/Captura-de-pantalla-2024-01-05-a-las-10.24.21.png","jetpack_sharing_enabled":true,"_links":{"self":[{"href":"https:\/\/radiotemuco.com\/home\/wp-json\/wp\/v2\/posts\/19114","targetHints":{"allow":["GET"]}}],"collection":[{"href":"https:\/\/radiotemuco.com\/home\/wp-json\/wp\/v2\/posts"}],"about":[{"href":"https:\/\/radiotemuco.com\/home\/wp-json\/wp\/v2\/types\/post"}],"author":[{"embeddable":true,"href":"https:\/\/radiotemuco.com\/home\/wp-json\/wp\/v2\/users\/2"}],"replies":[{"embeddable":true,"href":"https:\/\/radiotemuco.com\/home\/wp-json\/wp\/v2\/comments?post=19114"}],"version-history":[{"count":1,"href":"https:\/\/radiotemuco.com\/home\/wp-json\/wp\/v2\/posts\/19114\/revisions"}],"predecessor-version":[{"id":19116,"href":"https:\/\/radiotemuco.com\/home\/wp-json\/wp\/v2\/posts\/19114\/revisions\/19116"}],"wp:featuredmedia":[{"embeddable":true,"href":"https:\/\/radiotemuco.com\/home\/wp-json\/wp\/v2\/media\/19115"}],"wp:attachment":[{"href":"https:\/\/radiotemuco.com\/home\/wp-json\/wp\/v2\/media?parent=19114"}],"wp:term":[{"taxonomy":"category","embeddable":true,"href":"https:\/\/radiotemuco.com\/home\/wp-json\/wp\/v2\/categories?post=19114"},{"taxonomy":"post_tag","embeddable":true,"href":"https:\/\/radiotemuco.com\/home\/wp-json\/wp\/v2\/tags?post=19114"}],"curies":[{"name":"wp","href":"https:\/\/api.w.org\/{rel}","templated":true}]}}