{"id":18196,"date":"2023-09-26T21:33:28","date_gmt":"2023-09-26T21:33:28","guid":{"rendered":"https:\/\/radiotemuco.com\/home\/?p=18196"},"modified":"2023-09-26T21:33:28","modified_gmt":"2023-09-26T21:33:28","slug":"mop-se-reune-con-municipio-de-pucon-para-revisar-proyectos-de-infraestructura-publica","status":"publish","type":"post","link":"https:\/\/radiotemuco.com\/home\/mop-se-reune-con-municipio-de-pucon-para-revisar-proyectos-de-infraestructura-publica\/","title":{"rendered":"MOP se re\u00fane con Municipio de Puc\u00f3n para revisar proyectos de infraestructura p\u00fablica"},"content":{"rendered":"<p>Una reuni\u00f3n de trabajo para abordar l\u00edneas de acci\u00f3n en materia de infraestructura p\u00fablica, sostuvo el Seremi de Obras P\u00fablicas, Patricio Poza, con el alcalde de Puc\u00f3n, Carlos Barra. Reuni\u00f3n en la que particip\u00f3 la Directora de Obras Hidr\u00e1ulicas,\u00a0 Vivianne Fern\u00e1ndez; el Director Regional de Aguas, Eduardo Abdala y profesionales de Vialidad y Aeropuertos.<\/p>\n<p>La autoridad del MOP detall\u00f3 que en esta ocasi\u00f3n se trataron dos l\u00edneas de acci\u00f3n, la primera est\u00e1 vinculada a\u00a0 proyectos de la cartera regular del MOP en la comuna y que est\u00e1 relacionada a caminos b\u00e1sicos, conservaci\u00f3n de algunas rutas y\u00a0 proyectos en comunidades ind\u00edgenas.<\/p>\n<p>Del mismo modo la autoridad del MOP plante\u00f3 que, \u201ctambi\u00e9n se tiene que ir avanzando en proyectos tales como el mejoramiento del aer\u00f3dromo, as\u00ed como iniciativas en agua potable rural\u201d.<\/p>\n<p>\u201cLo segundo, dijo &#8211; Patricio Poza \u2013 es todo lo relacionado a la emergencia que se est\u00e1 viviendo con esta nueva condici\u00f3n del Volc\u00e1n Villarrica. Aqu\u00ed hemos estado\u00a0\u00a0 con nuestros equipos de emergencia, coordinando los trabajos que se tiene que realizar tanto por administraci\u00f3n directa, como los contratos de conservaci\u00f3n global en las rutas priorizadas por el municipio\u201d.<\/p>\n<p>\u201cLo importante es la focalizaci\u00f3n y localizaci\u00f3n de viviendas que dentro de este per\u00edmetro de exclusi\u00f3n de 8 km se puede ver afectadas ante cualquier evento que suceda con el volc\u00e1n\u201d, asegur\u00f3 el Seremi.<\/p>\n<p>Finalmente el Secretario Ministerial de Obras P\u00fablicas, dijo que, \u201cnos vamos con tareas y l\u00f3gicamente\u00a0 nos llevamos la misi\u00f3n y responsabilidad con nuestra direcci\u00f3n de vialidad de manera urgente mejorar la conservaci\u00f3n de algunas rutas, entendiendo grandes eventos que se vienen para la zona. Es el caso del iroman y proyectos definitivos que conectan las rutas Freire \u2013 Villarrica \u2013 Puc\u00f3n y tambi\u00e9n otras rutas como Puc\u00f3n \u2013 Curarrehue, entre otras\u201d, asever\u00f3 la autoridad.<\/p>\n","protected":false},"excerpt":{"rendered":"<p>Una reuni\u00f3n de trabajo para abordar l\u00edneas de acci\u00f3n en materia de infraestructura p\u00fablica, sostuvo el Seremi de Obras P\u00fablicas, Patricio Poza, con el alcalde de Puc\u00f3n, Carlos Barra. Reuni\u00f3n en la que particip\u00f3 la Directora de Obras Hidr\u00e1ulicas,\u00a0 Vivianne Fern\u00e1ndez; el Director Regional de Aguas, Eduardo Abdala y profesionales de Vialidad y Aeropuertos. La autoridad del MOP detall\u00f3 que en esta ocasi\u00f3n se trataron dos l\u00edneas de acci\u00f3n, la primera est\u00e1 vinculada a\u00a0 proyectos de la cartera regular del MOP en la comuna y que est\u00e1 relacionada a caminos b\u00e1sicos, conservaci\u00f3n de algunas rutas y\u00a0 proyectos en comunidades ind\u00edgenas. Del [&hellip;]<\/p>\n","protected":false},"author":2,"featured_media":18197,"comment_status":"closed","ping_status":"open","sticky":false,"template":"","format":"standard","meta":{"_crdt_document":"","_monsterinsights_skip_tracking":false,"_monsterinsights_sitenote_active":false,"_monsterinsights_sitenote_note":"","_monsterinsights_sitenote_category":0,"_jetpack_memberships_contains_paid_content":false,"footnotes":""},"categories":[8,7,2],"tags":[],"class_list":["post-18196","post","type-post","status-publish","format-standard","has-post-thumbnail","hentry","category-internacional","category-nacional","category-regionales"],"jetpack_featured_media_url":"https:\/\/radiotemuco.com\/home\/wp-content\/uploads\/2023\/09\/Pucon-2.jpeg","jetpack_sharing_enabled":true,"_links":{"self":[{"href":"https:\/\/radiotemuco.com\/home\/wp-json\/wp\/v2\/posts\/18196","targetHints":{"allow":["GET"]}}],"collection":[{"href":"https:\/\/radiotemuco.com\/home\/wp-json\/wp\/v2\/posts"}],"about":[{"href":"https:\/\/radiotemuco.com\/home\/wp-json\/wp\/v2\/types\/post"}],"author":[{"embeddable":true,"href":"https:\/\/radiotemuco.com\/home\/wp-json\/wp\/v2\/users\/2"}],"replies":[{"embeddable":true,"href":"https:\/\/radiotemuco.com\/home\/wp-json\/wp\/v2\/comments?post=18196"}],"version-history":[{"count":1,"href":"https:\/\/radiotemuco.com\/home\/wp-json\/wp\/v2\/posts\/18196\/revisions"}],"predecessor-version":[{"id":18198,"href":"https:\/\/radiotemuco.com\/home\/wp-json\/wp\/v2\/posts\/18196\/revisions\/18198"}],"wp:featuredmedia":[{"embeddable":true,"href":"https:\/\/radiotemuco.com\/home\/wp-json\/wp\/v2\/media\/18197"}],"wp:attachment":[{"href":"https:\/\/radiotemuco.com\/home\/wp-json\/wp\/v2\/media?parent=18196"}],"wp:term":[{"taxonomy":"category","embeddable":true,"href":"https:\/\/radiotemuco.com\/home\/wp-json\/wp\/v2\/categories?post=18196"},{"taxonomy":"post_tag","embeddable":true,"href":"https:\/\/radiotemuco.com\/home\/wp-json\/wp\/v2\/tags?post=18196"}],"curies":[{"name":"wp","href":"https:\/\/api.w.org\/{rel}","templated":true}]}}