{"id":18192,"date":"2023-09-25T22:05:39","date_gmt":"2023-09-25T22:05:39","guid":{"rendered":"https:\/\/radiotemuco.com\/home\/?p=18192"},"modified":"2023-09-25T22:05:39","modified_gmt":"2023-09-25T22:05:39","slug":"artesanas-de-tolten-conforman-cooperativa-para-la-creacion-de-esculturas-de-aves-nativas","status":"publish","type":"post","link":"https:\/\/radiotemuco.com\/home\/artesanas-de-tolten-conforman-cooperativa-para-la-creacion-de-esculturas-de-aves-nativas\/","title":{"rendered":"Artesanas de Tolt\u00e9n conforman Cooperativa para la creaci\u00f3n de esculturas de aves nativas"},"content":{"rendered":"<p>A trav\u00e9s de capacitaciones desarrolladas en el marco del Proyecto GEF Humedales Costeros del Ministerio del Medio Ambiente, mujeres artesanas de la comuna de Tolt\u00e9n conformaron la cooperativa \u201cManos de Tolt\u00e9n\u201d, emprendimiento a trav\u00e9s del cual elaboran esculturas en lana de aves nativas que habitan humedales.<\/p>\n<p>Como parte de un programa que busca incentivar el desarrollo sostenible en torno al humedal de Queule, en la comuna de Tolt\u00e9n, el Proyecto GEF Humedales Costeros, iniciativa del Ministerio del Medio Ambiente, apoy\u00f3 a un grupo de mujeres artesanas en la conformaci\u00f3n de una cooperativa que les permitir\u00e1 comercializar sus productos de manera formal. Al mismo tiempo, con las esculturas se busca crear conciencia del alto valor de los humedales y su necesidad de protecci\u00f3n, al ser h\u00e1bitat de m\u00faltiples especies y entregar diversos servicios ecosist\u00e9micos que benefician tanto a quienes viven a su alrededor y como a los que realizan visitan a la zona.<\/p>\n<p>Se trata del emprendimiento \u201cManos de Tolt\u00e9n\u201d, que fue presentado oficialmente este jueves en una significativa ceremonia en la Plaza de Armas de Temuco, y que se compone de casi 20 mujeres que se dedican a confeccionar esculturas de lana vell\u00f3n, de diversos tama\u00f1os, de aves como el siete colores, cisnes, mart\u00edn pescador, cachudito, entre otros, utilizando como materia prima la lana de oveja al natural y te\u00f1ida, y elaborados totalmente a mano. Adem\u00e1s, actualmente est\u00e1n profundizando sus conocimientos en la t\u00e9cnica para crear mam\u00edferos como monitos del monte, pud\u00fa y huill\u00edn, entre otros, que tambi\u00e9n habitan humedales.<\/p>\n<p>Este a\u00f1o, el Proyecto GEF gestion\u00f3 otra serie de capacitaciones de car\u00e1cter administrativo, cuyo objetivo fue apoyar a las mujeres en la conformaci\u00f3n de una cooperativa, lo que tras meses de trabajo ya es una realidad.<\/p>\n<p>Durante la ceremonia de lanzamiento de la Cooperativa, Jos\u00e9 Montalva, delegado presidencial de La Araucan\u00eda, \u00a0se\u00f1al\u00f3 que el gobierno apoya iniciativas como estas que tienen como prioridad la conservaci\u00f3n de los humedales, \u201cobjetivo que compartimos profundamente en nuestro gobierno, as\u00ed como el trabajo conjunto con los actores que viven en el territorio, potenciando sus capacidades y oportunidades de desarrollo desde lo local\u201d.<\/p>\n<p>El Seremi de Medio Ambiente, F\u00e9lix Contreras manifest\u00f3 que \u201cestamos muy contentos por estas artesanas de Tolt\u00e9n, que han conformado esta cooperativa, con lo cual se les abren un mundo de oportunidades nuevas. Gracias al proyecto GEF, con fondos internacionales que lidera el Ministerio del Medio Ambiente, donde se han involucrado m\u00e1s de 470 millones de pesos con distintas acciones para proteger los humedales y los recursos fluviales, se pudo financiar capacitaciones en vell\u00f3n, y en econom\u00eda para que ellas pudieran organizarse a trav\u00e9s de esta cooperativa\u201d. La autoridad medioambiental se\u00f1al\u00f3 tambi\u00e9n que \u201choy estuvieron presentes el delegado presidencial, el coordinador del Plan Buen Vivir, el Seremi de Econom\u00eda, quienes junto al alcalde de Tolt\u00e9n han comprometido todo su apoyo a las artesanas de esta localidad y a toda la zona para recuperar el comercio, y el turismo, pero siempre con respeto a la naturaleza\u201d.<\/p>\n<p>Praxedes Zapata, presidenta de la cooperativa manos de Tolt\u00e9n, expres\u00f3 que \u201cnosotras queremos plasmar todas estas aves que habitan en los humedales en vell\u00f3n agujado, y la conformaci\u00f3n de esta cooperativa nos ayuda a comercializar lo que hacemos, lo que significa tambi\u00e9n el desarrollo personal de cada una de las socias, el desarrollo econ\u00f3mico de nuestros hogares y tambi\u00e9n de la comuna, y aprender a trabajar en uni\u00f3n y de manera asociativa\u201d<\/p>\n<p>Finalmente, el seremi de econom\u00eda, Nelson Curi\u00f1ir, dijo que \u201cesta cooperativa apunta a un valor cultural que tiene la comuna y desde esta base, genera bienestar para todo el territorio. El gobierno est\u00e1 impulsando la creaci\u00f3n de una mesa interinstitucional para fortalecer el cooperativismo en la regi\u00f3n\u201d.<\/p>\n","protected":false},"excerpt":{"rendered":"<p>A trav\u00e9s de capacitaciones desarrolladas en el marco del Proyecto GEF Humedales Costeros del Ministerio del Medio Ambiente, mujeres artesanas de la comuna de Tolt\u00e9n conformaron la cooperativa \u201cManos de Tolt\u00e9n\u201d, emprendimiento a trav\u00e9s del cual elaboran esculturas en lana de aves nativas que habitan humedales. Como parte de un programa que busca incentivar el desarrollo sostenible en torno al humedal de Queule, en la comuna de Tolt\u00e9n, el Proyecto GEF Humedales Costeros, iniciativa del Ministerio del Medio Ambiente, apoy\u00f3 a un grupo de mujeres artesanas en la conformaci\u00f3n de una cooperativa que les permitir\u00e1 comercializar sus productos de manera formal. [&hellip;]<\/p>\n","protected":false},"author":2,"featured_media":18193,"comment_status":"closed","ping_status":"open","sticky":false,"template":"","format":"standard","meta":{"_crdt_document":"","_monsterinsights_skip_tracking":false,"_monsterinsights_sitenote_active":false,"_monsterinsights_sitenote_note":"","_monsterinsights_sitenote_category":0,"_jetpack_memberships_contains_paid_content":false,"footnotes":""},"categories":[8,7,2],"tags":[],"class_list":["post-18192","post","type-post","status-publish","format-standard","has-post-thumbnail","hentry","category-internacional","category-nacional","category-regionales"],"jetpack_featured_media_url":"https:\/\/radiotemuco.com\/home\/wp-content\/uploads\/2023\/09\/0003.jpg","jetpack_sharing_enabled":true,"_links":{"self":[{"href":"https:\/\/radiotemuco.com\/home\/wp-json\/wp\/v2\/posts\/18192","targetHints":{"allow":["GET"]}}],"collection":[{"href":"https:\/\/radiotemuco.com\/home\/wp-json\/wp\/v2\/posts"}],"about":[{"href":"https:\/\/radiotemuco.com\/home\/wp-json\/wp\/v2\/types\/post"}],"author":[{"embeddable":true,"href":"https:\/\/radiotemuco.com\/home\/wp-json\/wp\/v2\/users\/2"}],"replies":[{"embeddable":true,"href":"https:\/\/radiotemuco.com\/home\/wp-json\/wp\/v2\/comments?post=18192"}],"version-history":[{"count":1,"href":"https:\/\/radiotemuco.com\/home\/wp-json\/wp\/v2\/posts\/18192\/revisions"}],"predecessor-version":[{"id":18194,"href":"https:\/\/radiotemuco.com\/home\/wp-json\/wp\/v2\/posts\/18192\/revisions\/18194"}],"wp:featuredmedia":[{"embeddable":true,"href":"https:\/\/radiotemuco.com\/home\/wp-json\/wp\/v2\/media\/18193"}],"wp:attachment":[{"href":"https:\/\/radiotemuco.com\/home\/wp-json\/wp\/v2\/media?parent=18192"}],"wp:term":[{"taxonomy":"category","embeddable":true,"href":"https:\/\/radiotemuco.com\/home\/wp-json\/wp\/v2\/categories?post=18192"},{"taxonomy":"post_tag","embeddable":true,"href":"https:\/\/radiotemuco.com\/home\/wp-json\/wp\/v2\/tags?post=18192"}],"curies":[{"name":"wp","href":"https:\/\/api.w.org\/{rel}","templated":true}]}}