{"id":16988,"date":"2023-06-29T16:42:05","date_gmt":"2023-06-29T16:42:05","guid":{"rendered":"https:\/\/radiotemuco.com\/home\/?p=16988"},"modified":"2023-06-29T16:42:05","modified_gmt":"2023-06-29T16:42:05","slug":"mesa-regional-de-energia-distrital-aborda-la-contaminacion-para-temuco","status":"publish","type":"post","link":"https:\/\/radiotemuco.com\/home\/mesa-regional-de-energia-distrital-aborda-la-contaminacion-para-temuco\/","title":{"rendered":"&#8220;Mesa Regional de Energ\u00eda Distrital&#8221; aborda la contaminaci\u00f3n para Temuco"},"content":{"rendered":"<p class=\"v1MsoNormal\">El viernes 23 de junio, se llev\u00f3 a cabo en el Aula Magna de la Universidad de la Frontera la ceremonia de inicio de la Mesa de Energ\u00eda Distrital La Araucan\u00eda. Esta iniciativa busca hacer frente a uno de los mayores desaf\u00edos que enfrenta la ciudad: la alta contaminaci\u00f3n durante los meses de invierno.<\/p>\n<p class=\"v1MsoNormal\">Temuco y Padre las Casas, conocidas como una de las ciudades m\u00e1s contaminadas de Chile en esta temporada, se enfrenta a problemas significativos en cuanto a la calidad del aire y la salud de sus habitantes. En esta ceremonia, participaron importantes figuras como el Seremi Subrogante de Energ\u00eda, Vicente Painel; el Alcalde de Temuco, Roberto Neira; el Rector de la Universidad de la Frontera, doctor Eduardo Hebel; y el Director del Instituto de Medioambiente de la Universidad de La Frontera, Gustavo Ciudad.<\/p>\n<p class=\"v1MsoNormal\">La asociatividad entre la academia y los servicios p\u00fablicos fue uno de los puntos destacados durante la ceremonia, reconociendo que la colaboraci\u00f3n entre estas entidades es fundamental para abordar los desaf\u00edos energ\u00e9ticos y medioambientales de la ciudad.<\/p>\n<p class=\"v1MsoNormal\">El Seremi subrogante de Energ\u00eda, Vicente Painel, resalt\u00f3 la importancia de esta colaboraci\u00f3n y su impacto en la calidad de vida de los habitantes de Temuco: &#8220;Esta es una comunidad econ\u00f3mica social, que tiene un objetivo claro, que en este hito se retoma y es la energ\u00eda distrital. En escala planetaria existe la suficiente experiencia. Temuco lleva un trabajo y con Padre Las Casas hay una necesidad de descontaminaci\u00f3n y est\u00e1n las condiciones, por supuesto hay que avanzar en la normativa legal, pero est\u00e1 el compromiso elaborado. Estamos cabalgando y no nos vamos a detener&#8221;<\/p>\n<p class=\"v1MsoNormal\">El Alcalde temuquense Roberto Neira coment\u00f3 sobre la importancia de esta mesa de energ\u00eda distrital. &#8220;Estamos trabajando en la modificaci\u00f3n de las ordenanzas de urbanismo y construcci\u00f3n, por el ministerio de Vivienda, para avanzar en materia distrital. Nosotros en Temuco tenemos un proyecto detenido que asociaba a Aguas Araucan\u00eda con la Municipalidad, en el sector San Sebasti\u00e1n. Mi llamado es al Estado a buscar distintas formas de calefacci\u00f3n&#8221;.<\/p>\n<p class=\"v1MsoNormal\">El Rector de la Universidad de la Frontera, doctor Eduardo Hebel, destac\u00f3 el papel de la academia en esta iniciativa: &#8220;Como instituci\u00f3n educativa, estamos comprometidos con la generaci\u00f3n de conocimiento y soluciones sostenibles. Tenemos un compromiso con el territorio. La universidad quiere estar en la mayor cantidad de proyectos que beneficien a la regi\u00f3n. Es (una iniciativa) muy visionaria, que permite discutir de manera transversal sobre ahorro de energ\u00eda y como levantar pol\u00edticas p\u00fablicas, como reducir los costos y tener energ\u00eda m\u00e1s limpia&#8221;.<\/p>\n<p class=\"v1MsoNormal\">El Director del Instituto de Medioambiente de la Universidad de La Frontera, doctor Gustavo Ciudad, agreg\u00f3: &#8220;Tenemos biomasa disponible, una ley que se est\u00e1 construyendo, por lo tanto hay una fuente para regi\u00f3n, pensando adem\u00e1s usar energ\u00eda distrital seg\u00fan construcci\u00f3n de viviendas nuevas&#8221;.<\/p>\n<p class=\"v1MsoNormal\">La mesa de energ\u00eda distrital brinda una plataforma para abordar de manera integral los desaf\u00edos energ\u00e9ticos y medioambientales de la ciudad y la regi\u00f3n, con el objetivo de impulsar el uso de fuentes de energ\u00eda limpia y promover pr\u00e1cticas sostenibles que reduzcan la contaminaci\u00f3n y mejoren la calidad de vida de la comunidad de La Araucan\u00eda.<\/p>\n","protected":false},"excerpt":{"rendered":"<p>El viernes 23 de junio, se llev\u00f3 a cabo en el Aula Magna de la Universidad de la Frontera la ceremonia de inicio de la Mesa de Energ\u00eda Distrital La Araucan\u00eda. Esta iniciativa busca hacer frente a uno de los mayores desaf\u00edos que enfrenta la ciudad: la alta contaminaci\u00f3n durante los meses de invierno. Temuco y Padre las Casas, conocidas como una de las ciudades m\u00e1s contaminadas de Chile en esta temporada, se enfrenta a problemas significativos en cuanto a la calidad del aire y la salud de sus habitantes. En esta ceremonia, participaron importantes figuras como el Seremi Subrogante de [&hellip;]<\/p>\n","protected":false},"author":2,"featured_media":16989,"comment_status":"closed","ping_status":"open","sticky":false,"template":"","format":"standard","meta":{"_crdt_document":"","_monsterinsights_skip_tracking":false,"_monsterinsights_sitenote_active":false,"_monsterinsights_sitenote_note":"","_monsterinsights_sitenote_category":0,"_jetpack_memberships_contains_paid_content":false,"footnotes":""},"categories":[8,7,2],"tags":[],"class_list":["post-16988","post","type-post","status-publish","format-standard","has-post-thumbnail","hentry","category-internacional","category-nacional","category-regionales"],"jetpack_featured_media_url":"https:\/\/radiotemuco.com\/home\/wp-content\/uploads\/2023\/06\/6d95172d-7844-43e7-9c69-3b2a3ceebb83.jpg","jetpack_sharing_enabled":true,"_links":{"self":[{"href":"https:\/\/radiotemuco.com\/home\/wp-json\/wp\/v2\/posts\/16988","targetHints":{"allow":["GET"]}}],"collection":[{"href":"https:\/\/radiotemuco.com\/home\/wp-json\/wp\/v2\/posts"}],"about":[{"href":"https:\/\/radiotemuco.com\/home\/wp-json\/wp\/v2\/types\/post"}],"author":[{"embeddable":true,"href":"https:\/\/radiotemuco.com\/home\/wp-json\/wp\/v2\/users\/2"}],"replies":[{"embeddable":true,"href":"https:\/\/radiotemuco.com\/home\/wp-json\/wp\/v2\/comments?post=16988"}],"version-history":[{"count":1,"href":"https:\/\/radiotemuco.com\/home\/wp-json\/wp\/v2\/posts\/16988\/revisions"}],"predecessor-version":[{"id":16990,"href":"https:\/\/radiotemuco.com\/home\/wp-json\/wp\/v2\/posts\/16988\/revisions\/16990"}],"wp:featuredmedia":[{"embeddable":true,"href":"https:\/\/radiotemuco.com\/home\/wp-json\/wp\/v2\/media\/16989"}],"wp:attachment":[{"href":"https:\/\/radiotemuco.com\/home\/wp-json\/wp\/v2\/media?parent=16988"}],"wp:term":[{"taxonomy":"category","embeddable":true,"href":"https:\/\/radiotemuco.com\/home\/wp-json\/wp\/v2\/categories?post=16988"},{"taxonomy":"post_tag","embeddable":true,"href":"https:\/\/radiotemuco.com\/home\/wp-json\/wp\/v2\/tags?post=16988"}],"curies":[{"name":"wp","href":"https:\/\/api.w.org\/{rel}","templated":true}]}}