{"id":16173,"date":"2023-04-13T16:49:43","date_gmt":"2023-04-13T16:49:43","guid":{"rendered":"https:\/\/radiotemuco.com\/home\/?p=16173"},"modified":"2023-04-13T16:49:43","modified_gmt":"2023-04-13T16:49:43","slug":"pdi-villarrica-detiene-a-presunto-implicado-en-homicidio-ocurrido-en-marzo-en-sector-segunda-faja","status":"publish","type":"post","link":"https:\/\/radiotemuco.com\/home\/pdi-villarrica-detiene-a-presunto-implicado-en-homicidio-ocurrido-en-marzo-en-sector-segunda-faja\/","title":{"rendered":"PDI Villarrica detiene a presunto implicado en homicidio ocurrido en marzo en sector Segunda Faja"},"content":{"rendered":"<p>Detectives de la Brigada de Investigaci\u00f3n Criminal (Bicrim) Villarrica detuvieron a un hombre, mayor de edad y con antecedentes policiales, quien se encontraba pr\u00f3fugo de la justicia, por estar presuntamente involucrado en un homicidio ocurrido el pasado 12 de marzo, en la poblaci\u00f3n Los Volcanes, sector segunda faja en la comuna lacustre.<\/p>\n<p>El subprefecto Yerko Araya, jefe de la Bicrim Villarrica, explic\u00f3 que este hecho tiene relaci\u00f3n \u201cpor el homicidio con arma de fuego de un sujeto de 28 a\u00f1os de edad, tambi\u00e9n con antecedentes policiales (\u2026) oportunidad que la v\u00edctima se encontraba en la v\u00eda p\u00fablica donde tuvo una discusi\u00f3n por rencillas anteriores, con tres hombres y una mujer, los que premunidos con armas de fuego lo agredieron para luego huir del lugar\u201d.<\/p>\n<p>En la ocasi\u00f3n, la v\u00edctima fue trasladada hasta un consultorio del sector, donde falleci\u00f3 producto de las lesiones provocadas. Por esta raz\u00f3n, en la oportunidad, la fiscal\u00eda solicit\u00f3 la concurrencia de la Brigada de Homicidios y peritos del Laboratorio de Criminal\u00edstica Regional Temuco, quienes realizaron el trabajo investigativo en el sitio del suceso, donde lograron recolectar \u201cevidencia biol\u00f3gica y bal\u00edstica, empadronamientos de testigos y reconocimientos fotogr\u00e1ficos, lo que permiti\u00f3 individualizar a los autores del delito, aportando los antecedentes a la fiscal\u00eda, quienes tramitaron las \u00f3rdenes de detenci\u00f3n contra los imputados\u201d, expres\u00f3 el subprefecto Araya.<\/p>\n<p>Cabe se\u00f1alar, que la PDI desarrolla diversas diligencias para dar con la ubicaci\u00f3n de los otros tres implicados en el homicidio, dos hombres y una mujer.<\/p>\n<p>Por instrucci\u00f3n de la fiscal\u00eda, el imputado ser\u00e1 puesto a disposici\u00f3n del Juzgado de Garant\u00eda de Villarrica, donde durante esta jornada se realizar\u00e1 el control de detenci\u00f3n.<\/p>\n","protected":false},"excerpt":{"rendered":"<p>Detectives de la Brigada de Investigaci\u00f3n Criminal (Bicrim) Villarrica detuvieron a un hombre, mayor de edad y con antecedentes policiales, quien se encontraba pr\u00f3fugo de la justicia, por estar presuntamente involucrado en un homicidio ocurrido el pasado 12 de marzo, en la poblaci\u00f3n Los Volcanes, sector segunda faja en la comuna lacustre. El subprefecto Yerko Araya, jefe de la Bicrim Villarrica, explic\u00f3 que este hecho tiene relaci\u00f3n \u201cpor el homicidio con arma de fuego de un sujeto de 28 a\u00f1os de edad, tambi\u00e9n con antecedentes policiales (\u2026) oportunidad que la v\u00edctima se encontraba en la v\u00eda p\u00fablica donde tuvo una discusi\u00f3n [&hellip;]<\/p>\n","protected":false},"author":2,"featured_media":16174,"comment_status":"closed","ping_status":"open","sticky":false,"template":"","format":"standard","meta":{"_crdt_document":"","_monsterinsights_skip_tracking":false,"_monsterinsights_sitenote_active":false,"_monsterinsights_sitenote_note":"","_monsterinsights_sitenote_category":0,"_jetpack_memberships_contains_paid_content":false,"footnotes":""},"categories":[8,7,2],"tags":[],"class_list":["post-16173","post","type-post","status-publish","format-standard","has-post-thumbnail","hentry","category-internacional","category-nacional","category-regionales"],"jetpack_featured_media_url":"https:\/\/radiotemuco.com\/home\/wp-content\/uploads\/2023\/04\/WhatsApp-Image-2023-04-13-at-10.42.02.jpeg","jetpack_sharing_enabled":true,"_links":{"self":[{"href":"https:\/\/radiotemuco.com\/home\/wp-json\/wp\/v2\/posts\/16173","targetHints":{"allow":["GET"]}}],"collection":[{"href":"https:\/\/radiotemuco.com\/home\/wp-json\/wp\/v2\/posts"}],"about":[{"href":"https:\/\/radiotemuco.com\/home\/wp-json\/wp\/v2\/types\/post"}],"author":[{"embeddable":true,"href":"https:\/\/radiotemuco.com\/home\/wp-json\/wp\/v2\/users\/2"}],"replies":[{"embeddable":true,"href":"https:\/\/radiotemuco.com\/home\/wp-json\/wp\/v2\/comments?post=16173"}],"version-history":[{"count":1,"href":"https:\/\/radiotemuco.com\/home\/wp-json\/wp\/v2\/posts\/16173\/revisions"}],"predecessor-version":[{"id":16175,"href":"https:\/\/radiotemuco.com\/home\/wp-json\/wp\/v2\/posts\/16173\/revisions\/16175"}],"wp:featuredmedia":[{"embeddable":true,"href":"https:\/\/radiotemuco.com\/home\/wp-json\/wp\/v2\/media\/16174"}],"wp:attachment":[{"href":"https:\/\/radiotemuco.com\/home\/wp-json\/wp\/v2\/media?parent=16173"}],"wp:term":[{"taxonomy":"category","embeddable":true,"href":"https:\/\/radiotemuco.com\/home\/wp-json\/wp\/v2\/categories?post=16173"},{"taxonomy":"post_tag","embeddable":true,"href":"https:\/\/radiotemuco.com\/home\/wp-json\/wp\/v2\/tags?post=16173"}],"curies":[{"name":"wp","href":"https:\/\/api.w.org\/{rel}","templated":true}]}}