{"id":15773,"date":"2023-03-17T13:58:30","date_gmt":"2023-03-17T13:58:30","guid":{"rendered":"https:\/\/radiotemuco.com\/home\/?p=15773"},"modified":"2023-03-17T13:58:30","modified_gmt":"2023-03-17T13:58:30","slug":"colectivo-escenico-reina-de-copas-presentara-obra-relatos-no-obligatorios-en-el-aula-magna-de-la-ufro","status":"publish","type":"post","link":"https:\/\/radiotemuco.com\/home\/colectivo-escenico-reina-de-copas-presentara-obra-relatos-no-obligatorios-en-el-aula-magna-de-la-ufro\/","title":{"rendered":"Colectivo Esc\u00e9nico Reina de Copas presentar\u00e1 obra &#8220;Relatos No Obligatorios&#8221; en el Aula Magna de la Ufro"},"content":{"rendered":"<p class=\"v1MsoNormal\">En el marco de las actividades de conmemoraci\u00f3n del D\u00eda internacional de la Mujer, la Direcci\u00f3n de equidad de G\u00e9nero de la Universidad de La Frontera invita a presenciar la obra de teatro &#8220;Relatos No Obligatorios&#8221;, presentada por el Colectivo Esc\u00e9nico Reina de Copas.<\/p>\n<p class=\"v1MsoNormal\">La obra se presentar\u00e1 el lunes 20 de marzo, a las 19.00 horas, en el Aula Magna Institucional, ubicada en calle Uruguay 01720 y cuenta con mon\u00f3logos que son interpretados por una misma actriz, con la intenci\u00f3n de enfatizar la idea de que cada mujer en escena es a la vez la representaci\u00f3n de cada mujer que observa. El montaje, pone en acento la condici\u00f3n de injusticia y violencia de g\u00e9nero que han sufrido estas mujeres y a la vez, la entereza y sus circunstancias a veces familiares, comunitarios o culturales para su transformaci\u00f3n y sobrevivencia.<\/p>\n<p class=\"v1MsoNormal\">Aqu\u00ed, una maestra normalista, una vendedora de pilwas, una ciega, una campesina arpillerista y una mujer errante y ermita\u00f1a, son las protagonistas de esta puesta en escena, valoradas en su profunda dimensi\u00f3n humana y social y en consonancia con la cultura de nuestro territorio diverso.<\/p>\n<p class=\"v1MsoNormal\">Relatos no obligatorios, proyecta la necesidad de relevar historias m\u00ednimas o &#8216;microhistorias&#8217; y de centrar su atenci\u00f3n en ellas, al momento de hablar de identidad, de pensar como una comunidad y de reescribir la historia social. La importancia que tiene cada persona, su memoria y su forma de recordar, no se pueden considerar perif\u00e9ricas y hoy m\u00e1s que nunca, se desplazan al centro de la disciplina historiogr\u00e1fica. Esto responde a la motivaci\u00f3n central de la puesta en escena.<\/p>\n<p class=\"v1MsoNormal\">En palabras de su escritora, Eugenia Toledo Renner: &#8220;Vivimos la &#8216;era del testigo&#8217; y de la cr\u00f3nica. Los dramaturgos, poetas y escritores en general privilegiamos los testimonios de personas, en este caso, de mujeres desplazadas en la sociedad capitalista que se han levantado de su condici\u00f3n y que con grandes sacrificios logran su independencia. Sus vidas inspiran y son ejemplos para educar responsabilidades y libertad en otras mujeres y en ni\u00f1os, adultos y j\u00f3venes en todas partes, para el respeto de todos nuestros ciudadanos, no importando su oficio. Para respetar el trabajo y la vida misma&#8221;.<\/p>\n<p class=\"v1MsoNormal\">M\u00fasica y cantos son interpretados en vivo subrayando el motivo central de cada relato. El dise\u00f1o escenogr\u00e1fico compuesto por telas al servicio de proyecciones visuales, dan la posibilidad para que estas voces corales puedan expresar el contexto en que se instalan y con ello, reflejar sus paisajes m\u00e1s cercanos y a sus invitados, como s\u00edmbolos mudos y eternos. El dise\u00f1o de vestuario pone un acento extendido a cada relato y se basa es los perspectivas y sentimientos de cada personaje.<\/p>\n<p class=\"v1MsoNormal\">La entrada es gratuita y abierta a la comunidad.<\/p>\n","protected":false},"excerpt":{"rendered":"<p>En el marco de las actividades de conmemoraci\u00f3n del D\u00eda internacional de la Mujer, la Direcci\u00f3n de equidad de G\u00e9nero de la Universidad de La Frontera invita a presenciar la obra de teatro &#8220;Relatos No Obligatorios&#8221;, presentada por el Colectivo Esc\u00e9nico Reina de Copas. La obra se presentar\u00e1 el lunes 20 de marzo, a las 19.00 horas, en el Aula Magna Institucional, ubicada en calle Uruguay 01720 y cuenta con mon\u00f3logos que son interpretados por una misma actriz, con la intenci\u00f3n de enfatizar la idea de que cada mujer en escena es a la vez la representaci\u00f3n de cada mujer que [&hellip;]<\/p>\n","protected":false},"author":2,"featured_media":15774,"comment_status":"closed","ping_status":"open","sticky":false,"template":"","format":"standard","meta":{"_crdt_document":"","_monsterinsights_skip_tracking":false,"_monsterinsights_sitenote_active":false,"_monsterinsights_sitenote_note":"","_monsterinsights_sitenote_category":0,"_jetpack_memberships_contains_paid_content":false,"footnotes":""},"categories":[8,7,2],"tags":[],"class_list":["post-15773","post","type-post","status-publish","format-standard","has-post-thumbnail","hentry","category-internacional","category-nacional","category-regionales"],"jetpack_featured_media_url":"https:\/\/radiotemuco.com\/home\/wp-content\/uploads\/2023\/03\/Colectivo-reina-copas-enufro-2.jpg","jetpack_sharing_enabled":true,"_links":{"self":[{"href":"https:\/\/radiotemuco.com\/home\/wp-json\/wp\/v2\/posts\/15773","targetHints":{"allow":["GET"]}}],"collection":[{"href":"https:\/\/radiotemuco.com\/home\/wp-json\/wp\/v2\/posts"}],"about":[{"href":"https:\/\/radiotemuco.com\/home\/wp-json\/wp\/v2\/types\/post"}],"author":[{"embeddable":true,"href":"https:\/\/radiotemuco.com\/home\/wp-json\/wp\/v2\/users\/2"}],"replies":[{"embeddable":true,"href":"https:\/\/radiotemuco.com\/home\/wp-json\/wp\/v2\/comments?post=15773"}],"version-history":[{"count":1,"href":"https:\/\/radiotemuco.com\/home\/wp-json\/wp\/v2\/posts\/15773\/revisions"}],"predecessor-version":[{"id":15775,"href":"https:\/\/radiotemuco.com\/home\/wp-json\/wp\/v2\/posts\/15773\/revisions\/15775"}],"wp:featuredmedia":[{"embeddable":true,"href":"https:\/\/radiotemuco.com\/home\/wp-json\/wp\/v2\/media\/15774"}],"wp:attachment":[{"href":"https:\/\/radiotemuco.com\/home\/wp-json\/wp\/v2\/media?parent=15773"}],"wp:term":[{"taxonomy":"category","embeddable":true,"href":"https:\/\/radiotemuco.com\/home\/wp-json\/wp\/v2\/categories?post=15773"},{"taxonomy":"post_tag","embeddable":true,"href":"https:\/\/radiotemuco.com\/home\/wp-json\/wp\/v2\/tags?post=15773"}],"curies":[{"name":"wp","href":"https:\/\/api.w.org\/{rel}","templated":true}]}}