{"id":1539,"date":"2017-09-10T01:25:54","date_gmt":"2017-09-10T01:25:54","guid":{"rendered":"http:\/\/radiotemuco.com\/home\/?p=1539"},"modified":"2017-09-10T01:25:54","modified_gmt":"2017-09-10T01:25:54","slug":"deportes-temuco-empato-1-1-con-curico-unido","status":"publish","type":"post","link":"https:\/\/radiotemuco.com\/home\/deportes-temuco-empato-1-1-con-curico-unido\/","title":{"rendered":"Deportes Temuco empato 1-1 con Curico Unido"},"content":{"rendered":"<p>En encuentro correspondiente a la sexta fecha del campeonato de transici\u00f3n 2017. Los Albiverdes empataron en su visita a la Granja de Curico. Con este resultado los del \u00d1ielol quedan con 5 puntos y ahora esperan a la Universidad Cat\u00f3lica en el estadio German Becker en Temuco el pr\u00f3ximo 24 de septiembre<\/p>\n","protected":false},"excerpt":{"rendered":"<p>En encuentro correspondiente a la sexta fecha del campeonato de transici\u00f3n 2017. Los Albiverdes empataron en su visita a la Granja de Curico. Con este resultado los del \u00d1ielol quedan con 5 puntos y ahora esperan a la Universidad Cat\u00f3lica en el estadio German Becker en Temuco el pr\u00f3ximo 24 de septiembre<\/p>\n","protected":false},"author":2,"featured_media":1540,"comment_status":"open","ping_status":"open","sticky":false,"template":"","format":"standard","meta":{"_crdt_document":"","_monsterinsights_skip_tracking":false,"_monsterinsights_sitenote_active":false,"_monsterinsights_sitenote_note":"","_monsterinsights_sitenote_category":0,"_jetpack_memberships_contains_paid_content":false,"footnotes":""},"categories":[3,7,2],"tags":[],"class_list":["post-1539","post","type-post","status-publish","format-standard","has-post-thumbnail","hentry","category-deportivas","category-nacional","category-regionales"],"jetpack_featured_media_url":"https:\/\/radiotemuco.com\/home\/wp-content\/uploads\/2017\/09\/3-2.jpg","jetpack_sharing_enabled":true,"_links":{"self":[{"href":"https:\/\/radiotemuco.com\/home\/wp-json\/wp\/v2\/posts\/1539","targetHints":{"allow":["GET"]}}],"collection":[{"href":"https:\/\/radiotemuco.com\/home\/wp-json\/wp\/v2\/posts"}],"about":[{"href":"https:\/\/radiotemuco.com\/home\/wp-json\/wp\/v2\/types\/post"}],"author":[{"embeddable":true,"href":"https:\/\/radiotemuco.com\/home\/wp-json\/wp\/v2\/users\/2"}],"replies":[{"embeddable":true,"href":"https:\/\/radiotemuco.com\/home\/wp-json\/wp\/v2\/comments?post=1539"}],"version-history":[{"count":1,"href":"https:\/\/radiotemuco.com\/home\/wp-json\/wp\/v2\/posts\/1539\/revisions"}],"predecessor-version":[{"id":1541,"href":"https:\/\/radiotemuco.com\/home\/wp-json\/wp\/v2\/posts\/1539\/revisions\/1541"}],"wp:featuredmedia":[{"embeddable":true,"href":"https:\/\/radiotemuco.com\/home\/wp-json\/wp\/v2\/media\/1540"}],"wp:attachment":[{"href":"https:\/\/radiotemuco.com\/home\/wp-json\/wp\/v2\/media?parent=1539"}],"wp:term":[{"taxonomy":"category","embeddable":true,"href":"https:\/\/radiotemuco.com\/home\/wp-json\/wp\/v2\/categories?post=1539"},{"taxonomy":"post_tag","embeddable":true,"href":"https:\/\/radiotemuco.com\/home\/wp-json\/wp\/v2\/tags?post=1539"}],"curies":[{"name":"wp","href":"https:\/\/api.w.org\/{rel}","templated":true}]}}