{"id":14045,"date":"2022-10-06T14:52:17","date_gmt":"2022-10-06T14:52:17","guid":{"rendered":"https:\/\/radiotemuco.com\/home\/?p=14045"},"modified":"2022-10-06T14:52:17","modified_gmt":"2022-10-06T14:52:17","slug":"red-de-donatarios-entrega-beca-janson-a-estudiantes-de-ingenieria-en-construccion-de-la-ufro","status":"publish","type":"post","link":"https:\/\/radiotemuco.com\/home\/red-de-donatarios-entrega-beca-janson-a-estudiantes-de-ingenieria-en-construccion-de-la-ufro\/","title":{"rendered":"Red de donatarios entrega Beca Janson a estudiantes de Ingenier\u00eda en Construcci\u00f3n de la Ufro"},"content":{"rendered":"<p class=\"v1MsoNormal\">Con la presencia de diversas autoridades Ufro, representantes de los donatarios de la Beca Janson e integrantes de la Familia de Hugo Quezada Moraga, se realiz\u00f3 la ceremonia de entrega de la beca de mantenci\u00f3n la cual este a\u00f1o fue otorgada a cuatro estudiantes de la carrera de Ingenier\u00eda en Construcci\u00f3n, instancia que se transform\u00f3 en un lugar de encuentro entre diferentes generaciones que fueron invitadas a la actividad para llevar a cabo la entrega de este beneficio al grupo de estudiantes seleccionado por la Red de Donatarios\/as.<\/p>\n<p class=\"v1MsoNormal\">La Beca Janson, nace el 2018 gracias al esp\u00edritu solidario de constructores civiles titulados y tituladas de la ex Universidad T\u00e9cnica del Estado y la Universidad de La Frontera, quienes motivados por la memoria de su ex compa\u00f1ero Hugo Quezada Moraga, mejor conocido como Janson, a trav\u00e9s de su esp\u00edritu de superaci\u00f3n, perseverancia, empat\u00eda y solidaridad, se articularon con el equipo de trabajadoras sociales de Bienestar Estudiantil de la DDE para crear un beneficio que fuera en directa ayuda hacia los estudiantes de la carrera de Ingenier\u00eda en Construcci\u00f3n Ufro, teniendo como eje principal la paridad de g\u00e9nero y la posibilidad de renovar y mantener el beneficio durante toda la carrera el cual contempla dinero de libre disposici\u00f3n.<\/p>\n<p class=\"v1MsoNormal\"><b>CEREMONIA<\/b><\/p>\n<p class=\"v1MsoNormal\">En la quinta versi\u00f3n de la entrega de la Beca Janson, las personas asistentes tuvieron la oportunidad de compartir un grato momento, evocando la figura de qui\u00e9n fue Hugo &#8220;Janson&#8221; junto a su familia, personal administrativo, autoridades acad\u00e9micas y becados.<\/p>\n<p class=\"v1MsoNormal\">El director de la Direcci\u00f3n de Desarrollo Estudiantil, Sergio Salgado, destac\u00f3 el compromiso humano adquirido por los y las donatarias con la comunidad de su alma mater, promoviendo la solidaridad y la responsabilidad social como sello del estudiantado Ufro.<\/p>\n<p class=\"v1MsoNormal\">&#8220;Quiero dar el mayor agradecimiento a las y los donatarios que piensan en el impacto que genera este beneficio con las y los estudiantes. Si bien existe un componente econ\u00f3mico detr\u00e1s de esta beca, sobre todo se trata de hacer una valoraci\u00f3n al esfuerzo y perseverancia que los becados dedican en el transcurso de su vida universitaria&#8221;.<\/p>\n<p class=\"v1MsoNormal\">Viviana Quezada Caniul\u00e9n, hija de Hugo Quezada &#8220;Janson&#8221;, quien estuvo invitada a la ceremonia se\u00f1al\u00f3 que: &#8220;Me sorprende gratamente c\u00f3mo con el pasar de los a\u00f1os me encuentro con los donatarios que son ex compa\u00f1eros de mi padre y siguen manteniendo ese cari\u00f1o y admiraci\u00f3n intacto por lo que fue su legado y trayectoria de vida, lo cual queda reflejado en la entrega de esta beca que no solo apunta a ser un apoyo econ\u00f3mico, sino que tambi\u00e9n un reconocimiento a la trayectoria que tienen los estudiantes&#8221;.<\/p>\n<p class=\"v1MsoNormal\"><b>BECADAS\/OS<\/b><\/p>\n<p class=\"v1MsoNormal\">Este a\u00f1o, la Beca Janson fue otorgada a cuatro estudiantes quienes por su excelente rendimiento acad\u00e9mico y situaci\u00f3n socioecon\u00f3mica meritoria fueron seleccionados para recibir este beneficio, siendo en total 16 becados los que desde el 2018 hasta la fecha han recibido esta ayuda por parte de la Red de Donatarios Ufro.<\/p>\n<p class=\"v1MsoNormal\">En la ocasi\u00f3n, se bec\u00f3 por primera vez a Estefan\u00eda Paredes P\u00e9rez, estudiante de quinto a\u00f1o; Nicol\u00e1s Cifuentes P\u00e9rez, estudiante de tercer a\u00f1o; y Constanza Mart\u00ednez Jara, estudiante de segundo a\u00f1o.\u00a0 Adem\u00e1s, se renov\u00f3 el beneficio para el estudiante de tercer a\u00f1o, Mat\u00edas Oyarce D\u00edaz, qui\u00e9n ha sido becado desde el 2021.<\/p>\n<p class=\"v1MsoNormal\">Agust\u00edn Poza V\u00e1squez, representantes de la Red de Donatarios, destac\u00f3 la importancia de relevar los valores que busca promover la Beca Janson:<\/p>\n<p class=\"v1MsoNormal\">&#8220;Esta beca, m\u00e1s all\u00e1 del aporte monetario es una entrega de valores que nosotros queremos hacer con las y los becados de esta quinta versi\u00f3n, entreg\u00e1ndoles todos esos valores y esp\u00edritu de solidaridad y superaci\u00f3n que nuestro amigo &#8220;Janson&#8221; nos dej\u00f3, con el objetivo de ir formando a mejores personas y profesionales para el futuro&#8221;.<\/p>\n<p class=\"v1MsoNormal\">Mat\u00edas Oyarce D\u00edaz, estudiante renov\u00f3 su beneficio, agradeci\u00f3 a la Red de Donatarios por la ayuda desinteresada brindada a los estudiantes de Ingenier\u00eda en Construcci\u00f3n para continuar con su desarrollo acad\u00e9mico.<\/p>\n<p class=\"v1MsoNormal\">&#8220;Es una sensaci\u00f3n muy grata el poder contar nuevamente con esta beca ya que este aporte econ\u00f3mico viene a solventar aquellas dificultades que vamos teniendo durante el transcurso de nuestra vida universitaria, y tambi\u00e9n me motiva a continuar con este legado cuando me titule de mi carrera para as\u00ed entregarle ayuda a los estudiantes que m\u00e1s lo necesitan&#8221;.<\/p>\n","protected":false},"excerpt":{"rendered":"<p>Con la presencia de diversas autoridades Ufro, representantes de los donatarios de la Beca Janson e integrantes de la Familia de Hugo Quezada Moraga, se realiz\u00f3 la ceremonia de entrega de la beca de mantenci\u00f3n la cual este a\u00f1o fue otorgada a cuatro estudiantes de la carrera de Ingenier\u00eda en Construcci\u00f3n, instancia que se transform\u00f3 en un lugar de encuentro entre diferentes generaciones que fueron invitadas a la actividad para llevar a cabo la entrega de este beneficio al grupo de estudiantes seleccionado por la Red de Donatarios\/as. La Beca Janson, nace el 2018 gracias al esp\u00edritu solidario de constructores civiles [&hellip;]<\/p>\n","protected":false},"author":2,"featured_media":14046,"comment_status":"closed","ping_status":"open","sticky":false,"template":"","format":"standard","meta":{"_crdt_document":"","_monsterinsights_skip_tracking":false,"_monsterinsights_sitenote_active":false,"_monsterinsights_sitenote_note":"","_monsterinsights_sitenote_category":0,"_jetpack_memberships_contains_paid_content":false,"footnotes":""},"categories":[8,7,2],"tags":[],"class_list":["post-14045","post","type-post","status-publish","format-standard","has-post-thumbnail","hentry","category-internacional","category-nacional","category-regionales"],"jetpack_featured_media_url":"https:\/\/radiotemuco.com\/home\/wp-content\/uploads\/2022\/10\/Beca-Janson-perteneciente-a-la-Red-de-Donatarios-UFRO.jpg","jetpack_sharing_enabled":true,"_links":{"self":[{"href":"https:\/\/radiotemuco.com\/home\/wp-json\/wp\/v2\/posts\/14045","targetHints":{"allow":["GET"]}}],"collection":[{"href":"https:\/\/radiotemuco.com\/home\/wp-json\/wp\/v2\/posts"}],"about":[{"href":"https:\/\/radiotemuco.com\/home\/wp-json\/wp\/v2\/types\/post"}],"author":[{"embeddable":true,"href":"https:\/\/radiotemuco.com\/home\/wp-json\/wp\/v2\/users\/2"}],"replies":[{"embeddable":true,"href":"https:\/\/radiotemuco.com\/home\/wp-json\/wp\/v2\/comments?post=14045"}],"version-history":[{"count":1,"href":"https:\/\/radiotemuco.com\/home\/wp-json\/wp\/v2\/posts\/14045\/revisions"}],"predecessor-version":[{"id":14047,"href":"https:\/\/radiotemuco.com\/home\/wp-json\/wp\/v2\/posts\/14045\/revisions\/14047"}],"wp:featuredmedia":[{"embeddable":true,"href":"https:\/\/radiotemuco.com\/home\/wp-json\/wp\/v2\/media\/14046"}],"wp:attachment":[{"href":"https:\/\/radiotemuco.com\/home\/wp-json\/wp\/v2\/media?parent=14045"}],"wp:term":[{"taxonomy":"category","embeddable":true,"href":"https:\/\/radiotemuco.com\/home\/wp-json\/wp\/v2\/categories?post=14045"},{"taxonomy":"post_tag","embeddable":true,"href":"https:\/\/radiotemuco.com\/home\/wp-json\/wp\/v2\/tags?post=14045"}],"curies":[{"name":"wp","href":"https:\/\/api.w.org\/{rel}","templated":true}]}}