{"id":13644,"date":"2022-07-25T21:15:05","date_gmt":"2022-07-25T21:15:05","guid":{"rendered":"http:\/\/radiotemuco.com\/home\/?p=13644"},"modified":"2022-07-25T21:15:05","modified_gmt":"2022-07-25T21:15:05","slug":"primera-compania-de-bomberos-de-temuco-celebro-122-anos-de-servicio-a-la-comunidad","status":"publish","type":"post","link":"https:\/\/radiotemuco.com\/home\/primera-compania-de-bomberos-de-temuco-celebro-122-anos-de-servicio-a-la-comunidad\/","title":{"rendered":"Primera Compa\u00f1\u00eda de Bomberos de Temuco celebr\u00f3 122 a\u00f1os de servicio a la comunidad"},"content":{"rendered":"<p>Con diversas actividades, entre ellas competencias de destrezas bomberiles y juegos de sal\u00f3n, la Primera Compa\u00f1\u00eda de Bomberos de Temuco celebr\u00f3 su aniversario n\u00famero 122.<\/p>\n<p>El acto principal fue una sesi\u00f3n solemne que se realiz\u00f3 en su cuartel, ubicado en calle O\u00b4Higgins casi esquina Aldunate,\u00a0 en el sector centro de Temuco, donde su director, Humberto S\u00e1nchez, record\u00f3 que un 22 de julio del a\u00f1o 1900 se fund\u00f3 esta unidad bomberil gracias a la voluntad de una treintena de vecinos, entre ellos varios colonos de origen franc\u00e9s, quienes con m\u00ednimos recursos econ\u00f3micos, pero con una inmensa voluntad de ayudar al pr\u00f3jimo, decidieron crear esta compa\u00f1\u00eda para combatir los incendios que se produc\u00edan en la en ese entonces naciente capital de La Araucan\u00eda.<\/p>\n<p>Tambi\u00e9n tuvo palabras en recuerdo de Gustavo Toledo Fuentes, Ariel Guerrero Rodr\u00edguez y Alfonso Castro Rivas, sus miembros que han perdido la vida en acto de servicio durante estos 122 a\u00f1os de existencia y reconoci\u00f3 el trabajo de un grupo de voluntarios y cuarteleros que participaron de las guardias permanentes en los primeros meses de la pandemia del covid-19, quienes debieron aislarse al interior del cuartel para prestar servicio ininterrumpido durante varias semanas seguidas, saliendo al exterior \u00fanicamente para atender las emergencias que se produc\u00edan en Temuco y la zona, y con estas medidas restrictivas prevenir contagios, lo que implic\u00f3 mantenerse sin contacto f\u00edsico con sus familias, amigos y ni siquiera con otros bomberos que no se encontraban de servicio.<\/p>\n<p>El oficial adelant\u00f3 que se trabaja en proyectos de renovaci\u00f3n de sus m\u00e1quinas m\u00e1s antiguas y ampliaci\u00f3n del cuartel, como tambi\u00e9n en adquirir nuevos uniformes de trabajo, todo con la finalidad de brindar cada d\u00eda un mejor servicio a la comunidad.<\/p>\n<p>&#8220;Estamos trabajando para que la renovaci\u00f3n de m\u00e1quinas cumpla con todos los est\u00e1ndares necesarios para una eficaz labor para el combate de incendios y de nuestra especialidad de rescate en altura y que nos permitan operar en el sector que cubrimos y tambi\u00e9n cumplir con las necesidades operativas exigidas por el Cuerpo de Bomberos de Temuco&#8221;, a\u00f1adi\u00f3.<\/p>\n<p><strong>RECONOCIMIENTOS<\/strong><\/p>\n<p>Por haber cumplido cinco a\u00f1os de servicio fueron distinguidos los bomberos Felipe Rojas, Camila Mart\u00ednez, Javiera Parada, Francisco Ulloa y C\u00e9sar Santelices; mientras que por 10 a\u00f1os se reconoci\u00f3 a Claudia Tenorio y Francisco Calisto.<\/p>\n<p>Por 15 a\u00f1os se entregaron reconocimientos a Fernanda Garrido, Francis Rojas y Sebasti\u00e1n Vera; y por 20 a\u00f1os de servicio se distingui\u00f3 a V\u00edctor Mu\u00f1oz, Ladislao Mu\u00f1oz y Javier Sep\u00falveda, mientras este \u00faltimo tambi\u00e9n recibi\u00f3 la calidad de bombero honorario de compa\u00f1\u00eda.<\/p>\n<p>Finalmente, por 25 a\u00f1os se homenaje\u00f3 a los voluntarios Cristian Lazo y George Le Clerq; y se entreg\u00f3 un reconocimiento especial por mejor asistencia a Leonidas Burgos.<\/p>\n<p>El vicepresidente del Consejo Regional de Bomberos de La Araucan\u00eda, Ricardo Pe\u00f1a, junto con entregar un saludo a nombre de las autoridades regionales de la instituci\u00f3n, destac\u00f3 que la Primera Compa\u00f1\u00eda ya super\u00f3 un siglo de existencia y resalt\u00f3 que en sus filas poseen destacados bomberos que cumplido una dilatada labor en beneficio de la sociedad, algunos de ellos con m\u00e1s de 50 a\u00f1os de servicio.<\/p>\n<p>Al concluir la sesi\u00f3n se exhibi\u00f3 un video enviado por el presidente nacional de Bomberos, Juan Carlos Field, donde felicit\u00f3 a los primerinos de Temuco por este nuevo aniversario.<\/p>\n<div><\/div>\n","protected":false},"excerpt":{"rendered":"<p>Con diversas actividades, entre ellas competencias de destrezas bomberiles y juegos de sal\u00f3n, la Primera Compa\u00f1\u00eda de Bomberos de Temuco celebr\u00f3 su aniversario n\u00famero 122. El acto principal fue una sesi\u00f3n solemne que se realiz\u00f3 en su cuartel, ubicado en calle O\u00b4Higgins casi esquina Aldunate,\u00a0 en el sector centro de Temuco, donde su director, Humberto S\u00e1nchez, record\u00f3 que un 22 de julio del a\u00f1o 1900 se fund\u00f3 esta unidad bomberil gracias a la voluntad de una treintena de vecinos, entre ellos varios colonos de origen franc\u00e9s, quienes con m\u00ednimos recursos econ\u00f3micos, pero con una inmensa voluntad de ayudar al pr\u00f3jimo, decidieron [&hellip;]<\/p>\n","protected":false},"author":2,"featured_media":13645,"comment_status":"closed","ping_status":"open","sticky":false,"template":"","format":"standard","meta":{"_crdt_document":"","_monsterinsights_skip_tracking":false,"_monsterinsights_sitenote_active":false,"_monsterinsights_sitenote_note":"","_monsterinsights_sitenote_category":0,"_jetpack_memberships_contains_paid_content":false,"footnotes":""},"categories":[8,7,2],"tags":[],"class_list":["post-13644","post","type-post","status-publish","format-standard","has-post-thumbnail","hentry","category-internacional","category-nacional","category-regionales"],"jetpack_featured_media_url":"https:\/\/radiotemuco.com\/home\/wp-content\/uploads\/2022\/07\/IMG_8665.jpg","jetpack_sharing_enabled":true,"_links":{"self":[{"href":"https:\/\/radiotemuco.com\/home\/wp-json\/wp\/v2\/posts\/13644","targetHints":{"allow":["GET"]}}],"collection":[{"href":"https:\/\/radiotemuco.com\/home\/wp-json\/wp\/v2\/posts"}],"about":[{"href":"https:\/\/radiotemuco.com\/home\/wp-json\/wp\/v2\/types\/post"}],"author":[{"embeddable":true,"href":"https:\/\/radiotemuco.com\/home\/wp-json\/wp\/v2\/users\/2"}],"replies":[{"embeddable":true,"href":"https:\/\/radiotemuco.com\/home\/wp-json\/wp\/v2\/comments?post=13644"}],"version-history":[{"count":2,"href":"https:\/\/radiotemuco.com\/home\/wp-json\/wp\/v2\/posts\/13644\/revisions"}],"predecessor-version":[{"id":15712,"href":"https:\/\/radiotemuco.com\/home\/wp-json\/wp\/v2\/posts\/13644\/revisions\/15712"}],"wp:featuredmedia":[{"embeddable":true,"href":"https:\/\/radiotemuco.com\/home\/wp-json\/wp\/v2\/media\/13645"}],"wp:attachment":[{"href":"https:\/\/radiotemuco.com\/home\/wp-json\/wp\/v2\/media?parent=13644"}],"wp:term":[{"taxonomy":"category","embeddable":true,"href":"https:\/\/radiotemuco.com\/home\/wp-json\/wp\/v2\/categories?post=13644"},{"taxonomy":"post_tag","embeddable":true,"href":"https:\/\/radiotemuco.com\/home\/wp-json\/wp\/v2\/tags?post=13644"}],"curies":[{"name":"wp","href":"https:\/\/api.w.org\/{rel}","templated":true}]}}