{"id":13641,"date":"2022-07-25T21:13:39","date_gmt":"2022-07-25T21:13:39","guid":{"rendered":"http:\/\/radiotemuco.com\/home\/?p=13641"},"modified":"2022-07-25T21:13:39","modified_gmt":"2022-07-25T21:13:39","slug":"lanzan-busqueda-activa-de-casos-en-establecimientos-educacionales","status":"publish","type":"post","link":"https:\/\/radiotemuco.com\/home\/lanzan-busqueda-activa-de-casos-en-establecimientos-educacionales\/","title":{"rendered":"Lanzan b\u00fasqueda activa de casos en establecimientos educacionales"},"content":{"rendered":"<p class=\"v1MsoNormal\"><span lang=\"es-419\">La Seremi de Educaci\u00f3n, Maria Isabel Mari\u00f1anco y su par de salud, Andr\u00e9s Cuyul<\/span><b><span lang=\"es-419\">\u00a0<\/span><\/b><span lang=\"es-419\">lanzaron en dependencias de la Escuela Trigales de Temuco, la estrategia de b\u00fasqueda activa de casos en el marco del plan #SeamosComunidad y que busca acercar los testeos a alumnos y apoderados en este retorno a clases, que contempla adem\u00e1s que se retome la jornada escolar completa<\/span><span lang=\"es-419\">.\u00a0<\/span><\/p>\n<p class=\"v1MsoNormal\"><i><span lang=\"es-419\">&#8220;Con esta estrategia lo que se busca es dar mayores herramientas sanitarias a los establecimientos atendido a que los estudiantes estar\u00e1n m\u00e1s tiempo. Efectivamente durante el primer semestre hubo un proceso de flexibilidad, que fue implementado por cerca del 80% de los establecimientos de la regi\u00f3n<\/span><\/i><span lang=\"es-419\">&#8220;, precis\u00f3 Mari\u00f1anco\u00a0<\/span><\/p>\n<p class=\"v1MsoNormal\"><span lang=\"es-419\">Por su parte, el titular regional de Salud, Andr\u00e9s Cuyul, se\u00f1al\u00f3 &#8220;La idea ac\u00e1 es generar un entorno saludable, prevenir la presencia del SARS COV 2, en los establecimientos de las 32 comunas de la regi\u00f3n, esto en alianza con educaci\u00f3n y los municipios, de modo que se haga costumbre el testeo preventivo. As\u00ed mismo, se aumentar\u00e1 el tiempo de recreos a fin de mejorar la ventilaci\u00f3n en las salas de clases&#8221;, enfatiz\u00f3.\u00a0\u00a0\u00a0<\/span><\/p>\n<p class=\"v1MsoNormal\"><span lang=\"es-419\">En representaci\u00f3n de la comunidad escolar, Vivian Caballero, apoderada de la Escuela Trigales dijo que &#8220;esta es una muy buena iniciativa que permite evitar sorpresas&#8221; pues en su caso, debido al testeo aleatorio en la escuela, verificaron su contagio durante el semestre pasado. Mientras, Agust\u00edn Pizarro, estudiante y uno de los voluntarios en el testeo, hizo un llamado a los ni\u00f1os a ser parte de esta iniciativa pues dijo no duele y adem\u00e1s permite saber si est\u00e1s o no con el virus.\u00a0<\/span><\/p>\n<p class=\"v1MsoNormal\"><span lang=\"es-419\">La directora del establecimiento, Pamela Pacheco, precis\u00f3 que son m\u00e1s de 700 personas en la escuela entre ni\u00f1os y funcionarios, indicando que &#8220;me parece muy interesante el que se faciliten estos procesos, como el testeo, para toda la comunidad&#8221;.\u00a0<\/span><\/p>\n<p class=\"v1MsoNormal\"><span lang=\"es-419\">Las autoridades precisaron que la estrategia lanzada hoy tendr\u00e1 una duraci\u00f3n de un mes para luego ser analizada en cuanto a su efectividad.\u00a0<\/span><\/p>\n<p class=\"v1MsoNormal\"><span lang=\"es-419\">Cabe recordar, que del total de estudiantes beneficiarios con esta alianza, correspondiente a 184.483 se deben restar (por el momento) a los 3.612 estudiantes de las comunas de Lonquimay y Curarrehue, que debido a las condiciones clim\u00e1ticas debieron suspender el inicio del segundo semestre.\u00a0<\/span><\/p>\n","protected":false},"excerpt":{"rendered":"<p>La Seremi de Educaci\u00f3n, Maria Isabel Mari\u00f1anco y su par de salud, Andr\u00e9s Cuyul\u00a0lanzaron en dependencias de la Escuela Trigales de Temuco, la estrategia de b\u00fasqueda activa de casos en el marco del plan #SeamosComunidad y que busca acercar los testeos a alumnos y apoderados en este retorno a clases, que contempla adem\u00e1s que se retome la jornada escolar completa.\u00a0 &#8220;Con esta estrategia lo que se busca es dar mayores herramientas sanitarias a los establecimientos atendido a que los estudiantes estar\u00e1n m\u00e1s tiempo. Efectivamente durante el primer semestre hubo un proceso de flexibilidad, que fue implementado por cerca del 80% de [&hellip;]<\/p>\n","protected":false},"author":2,"featured_media":13642,"comment_status":"closed","ping_status":"open","sticky":false,"template":"","format":"standard","meta":{"_crdt_document":"","_monsterinsights_skip_tracking":false,"_monsterinsights_sitenote_active":false,"_monsterinsights_sitenote_note":"","_monsterinsights_sitenote_category":0,"_jetpack_memberships_contains_paid_content":false,"footnotes":""},"categories":[8,7,2],"tags":[],"class_list":["post-13641","post","type-post","status-publish","format-standard","has-post-thumbnail","hentry","category-internacional","category-nacional","category-regionales"],"jetpack_featured_media_url":"https:\/\/radiotemuco.com\/home\/wp-content\/uploads\/2022\/07\/DSC_0387.jpg","jetpack_sharing_enabled":true,"_links":{"self":[{"href":"https:\/\/radiotemuco.com\/home\/wp-json\/wp\/v2\/posts\/13641","targetHints":{"allow":["GET"]}}],"collection":[{"href":"https:\/\/radiotemuco.com\/home\/wp-json\/wp\/v2\/posts"}],"about":[{"href":"https:\/\/radiotemuco.com\/home\/wp-json\/wp\/v2\/types\/post"}],"author":[{"embeddable":true,"href":"https:\/\/radiotemuco.com\/home\/wp-json\/wp\/v2\/users\/2"}],"replies":[{"embeddable":true,"href":"https:\/\/radiotemuco.com\/home\/wp-json\/wp\/v2\/comments?post=13641"}],"version-history":[{"count":2,"href":"https:\/\/radiotemuco.com\/home\/wp-json\/wp\/v2\/posts\/13641\/revisions"}],"predecessor-version":[{"id":15711,"href":"https:\/\/radiotemuco.com\/home\/wp-json\/wp\/v2\/posts\/13641\/revisions\/15711"}],"wp:featuredmedia":[{"embeddable":true,"href":"https:\/\/radiotemuco.com\/home\/wp-json\/wp\/v2\/media\/13642"}],"wp:attachment":[{"href":"https:\/\/radiotemuco.com\/home\/wp-json\/wp\/v2\/media?parent=13641"}],"wp:term":[{"taxonomy":"category","embeddable":true,"href":"https:\/\/radiotemuco.com\/home\/wp-json\/wp\/v2\/categories?post=13641"},{"taxonomy":"post_tag","embeddable":true,"href":"https:\/\/radiotemuco.com\/home\/wp-json\/wp\/v2\/tags?post=13641"}],"curies":[{"name":"wp","href":"https:\/\/api.w.org\/{rel}","templated":true}]}}