{"id":13397,"date":"2022-06-02T18:18:49","date_gmt":"2022-06-02T18:18:49","guid":{"rendered":"http:\/\/radiotemuco.com\/home\/?p=13397"},"modified":"2022-06-02T18:18:49","modified_gmt":"2022-06-02T18:18:49","slug":"seremi-de-las-culturas-de-la-araucania-invita-a-participar-en-convocatoria-destinada-a-apoyar-la-programacion-artistica-y-cultural","status":"publish","type":"post","link":"https:\/\/radiotemuco.com\/home\/seremi-de-las-culturas-de-la-araucania-invita-a-participar-en-convocatoria-destinada-a-apoyar-la-programacion-artistica-y-cultural\/","title":{"rendered":"Seremi de las Culturas de La Araucan\u00eda invita a participar en convocatoria destinada a apoyar la programaci\u00f3n art\u00edstica y cultural"},"content":{"rendered":"<p class=\"v1MsoNormal\"><span lang=\"ES-MX\">Hasta el 16 de junio de 2022 estar\u00e1 abierta la\u00a0<b>Convocatoria para la Gesti\u00f3n Cultural Local<\/b>\u00a0que el Ministerio de las Culturas, las Artes y el Patrimonio impulsa a trav\u00e9s del programa Red Cultura del Departamento Ciudadan\u00eda Cultural.\u00a0 La iniciativa es continuidad de la Convocatoria para el Fortalecimiento de la Planificaci\u00f3n y la Gesti\u00f3n Cultural que se realiza desde el 2016.<\/span><\/p>\n<p class=\"v1MsoNormal\"><span lang=\"ES-MX\">La convocatoria cuenta con un presupuesto estimado en 900 millones de pesos que ser\u00e1n destinados a aumentar la programaci\u00f3n art\u00edstica y apoyar la planificaci\u00f3n cultural en las comunas del pa\u00eds, vinculando a los gobiernos locales y los espacios culturales con el sector art\u00edstico y la comunidad.<\/span><\/p>\n<p class=\"v1MsoNormal\"><span lang=\"ES-MX\">\u201cHacemos un llamado a municipios, corporaciones, fundaciones, espacios culturales a informarse y presentar proyectos a esta convocatoria que permitir\u00e1 contribuir a la recuperaci\u00f3n del sector, a la contrataci\u00f3n de trabajadoras y trabajadores culturales, a reactivar la presencialidad, aportando tambi\u00e9n a la formaci\u00f3n de p\u00fablicos\u201d, subray\u00f3 la seremi de las Culturas de La Araucan\u00eda Jeannette Paillan.<\/span><\/p>\n<p class=\"v1MsoNormal\"><span lang=\"ES-MX\">A trav\u00e9s de este proceso, el Ministerio de las Culturas financiar\u00e1 gastos de contrataci\u00f3n de artistas, pagos por derechos de autor y\/o derechos conexos, difusi\u00f3n, gastos relacionados a la transmisi\u00f3n remota, honorarios y fichas t\u00e9cnicas, alojamiento y traslados, y gastos relacionados a la sanitizaci\u00f3n de espacios en el contexto del desarrollo del proyecto.<\/span><\/p>\n<p class=\"v1MsoNormal\"><b><span lang=\"ES-MX\">Modalidades de esta convocatoria<\/span><\/b><\/p>\n<p class=\"v1MsoNormal\"><b><span lang=\"ES-MX\">Modalidad 1<\/span><\/b><\/p>\n<p class=\"v1MsoNormal\"><b><span lang=\"ES-MX\">Programaci\u00f3n Cultural para municipalidades, corporaciones culturales municipales y fundaciones culturales municipales<\/span><\/b><\/p>\n<p class=\"v1MsoNormal\"><span lang=\"ES-MX\">Esta modalidad busca financiar la programaci\u00f3n e instancias de mediaci\u00f3n art\u00edstica de estos espacios culturales. El objetivo es que los espacios puedan fortalecer su gesti\u00f3n a trav\u00e9s de la contrataci\u00f3n de programaci\u00f3n cultural, promoviendo el acceso y la participaci\u00f3n de los p\u00fablicos a sus espacios. La cantidad m\u00e1xima a postular es de 15 millones de pesos. Para esta modalidad se cuenta con un presupuesto total de $660.000.000.<\/span><\/p>\n<p class=\"v1MsoNormal\"><span lang=\"ES-MX\">La comuna postulante tendr\u00e1 una mejor evaluaci\u00f3n si cuenta con un Plan Municipal de Cultura (PMC) y \u00e9ste se encuentra actualizado e incorporado al PLADECO. Lo mismo aplicar\u00e1 si se cuenta con un Plan de Gesti\u00f3n vigente.<\/span><\/p>\n<p class=\"v1MsoNormal\"><span lang=\"ES-MX\">Asimismo, habr\u00e1 una mejor evaluaci\u00f3n para las postulaciones que consideren, al menos, un 50% de artistas locales; y al menos, un 20% de artistas y\/o agrupaciones art\u00edsticas inscritas en el\u00a0<span class=\"v1MsoHyperlink\"><a href=\"https:\/\/catalogoprogramacion.cultura.gob.cl\/\" target=\"_blank\" rel=\"noopener noreferrer\">Cat\u00e1logo Digital para la Programaci\u00f3n Cultural<\/a><\/span><\/span><\/p>\n<p class=\"v1MsoNormal\"><span lang=\"ES-MX\">\u00a0<\/span><\/p>\n<p class=\"v1MsoNormal\"><b><span lang=\"ES-MX\">Modalidad 2<\/span><\/b><\/p>\n<p class=\"v1MsoNormal\"><b><span lang=\"ES-MX\">Programaci\u00f3n Cultural para proyectos asociativos de Espacios Culturales pertenecientes a la Red de Espacios Culturales Regional<\/span><\/b><\/p>\n<p class=\"v1MsoNormal\"><span lang=\"ES-MX\">Mediante esta modalidad se busca financiar programaci\u00f3n cultural e instancias de mediaci\u00f3n art\u00edstica cultural de espacios pertenecientes a las redes de espacios culturales regionales articuladas por el programa Red Cultura. El objetivo es que dichos espacios puedan fortalecer su gesti\u00f3n a trav\u00e9s de la contrataci\u00f3n de programaci\u00f3n cultural, promoviendo el acceso y participaci\u00f3n de los p\u00fablicos a sus espacios. Se apunta a potenciar el trabajo articulado y colaborativo entre espacios culturales a nivel regional y local, fortaleciendo las redes de intercambio, cogesti\u00f3n, colaboraci\u00f3n y apoyo entre \u00e9stos. En este caso, no podr\u00e1n postular espacios culturales de manera independiente. Cada proyecto asociativo podr\u00e1 postular por un monto m\u00e1ximo de $20.000.000. Para esta modalidad se cuenta con un presupuesto total nacional de $240.000.000.<\/span><\/p>\n<p class=\"v1MsoNormal\"><b><span lang=\"ES-MX\">Cofinanciamiento<\/span><\/b><\/p>\n<p class=\"v1MsoNormal\"><span lang=\"ES-MX\">Para ambas modalidades, se deber\u00e1 aportar cofinanciamiento que deber\u00e1 corresponder al 15% del monto solicitado al Ministerio. Podr\u00e1 ser valorado, o en dinero, en el caso de recursos propios. Respecto a recursos aportados por terceros, el cofinanciamiento deber\u00e1 ser \u00fanicamente en dinero.<\/span><\/p>\n<p class=\"v1MsoNormal\"><span lang=\"ES-MX\">\u00a0<\/span><b><span lang=\"ES-MX\">Duraci\u00f3n y ejecuci\u00f3n de los proyectos<\/span><\/b><\/p>\n<p class=\"v1MsoNormal\"><span lang=\"ES-MX\">Los proyectos deber\u00e1n empezar a ejecutarse el a\u00f1o 2022, implement\u00e1ndolo en un plazo m\u00e1ximo de 10 meses en el caso de la modalidad 1, y 18 meses, en el caso de la modalidad 2, a partir de la fecha de aprobaci\u00f3n administrativa del respectivo Convenio de Ejecuci\u00f3n que se suscribir\u00e1 en caso de ser seleccionado el proyecto.<\/span><\/p>\n<p class=\"v1MsoNormal\"><span lang=\"ES-MX\">\u00a0<\/span><b><u><span lang=\"ES-MX\">Bases de la convocatoria:<\/span><\/u><\/b><span lang=\"ES-MX\">\u00a0<b><u><a href=\"https:\/\/www.fondosdecultura.cl\/wp-content\/uploads\/2022\/05\/Rex-959-ano-2022-Aprueba-Bases-GCL.pdf\" target=\"_blank\" rel=\"noopener noreferrer\">https:\/\/www.fondosdecultura.cl\/wp-content\/uploads\/2022\/05\/Rex-959-ano-2022-Aprueba-Bases-GCL.pdf<\/a><\/u><\/b><\/span><\/p>\n<p class=\"v1MsoNormal\">Correo para consultas:\u00a0<span class=\"v1MsoHyperlink\"><a href=\"mailto:fortalecimiento.redcultura@cultura.gob.cl\" rel=\"noreferrer\">fortalecimiento.redcultura@cultura.gob.cl<\/a><\/span><\/p>\n","protected":false},"excerpt":{"rendered":"<p>Hasta el 16 de junio de 2022 estar\u00e1 abierta la\u00a0Convocatoria para la Gesti\u00f3n Cultural Local\u00a0que el Ministerio de las Culturas, las Artes y el Patrimonio impulsa a trav\u00e9s del programa Red Cultura del Departamento Ciudadan\u00eda Cultural.\u00a0 La iniciativa es continuidad de la Convocatoria para el Fortalecimiento de la Planificaci\u00f3n y la Gesti\u00f3n Cultural que se realiza desde el 2016. La convocatoria cuenta con un presupuesto estimado en 900 millones de pesos que ser\u00e1n destinados a aumentar la programaci\u00f3n art\u00edstica y apoyar la planificaci\u00f3n cultural en las comunas del pa\u00eds, vinculando a los gobiernos locales y los espacios culturales con el sector [&hellip;]<\/p>\n","protected":false},"author":2,"featured_media":13398,"comment_status":"closed","ping_status":"open","sticky":false,"template":"","format":"standard","meta":{"_crdt_document":"","_monsterinsights_skip_tracking":false,"_monsterinsights_sitenote_active":false,"_monsterinsights_sitenote_note":"","_monsterinsights_sitenote_category":0,"_jetpack_memberships_contains_paid_content":false,"footnotes":""},"categories":[8,7,2],"tags":[],"class_list":["post-13397","post","type-post","status-publish","format-standard","has-post-thumbnail","hentry","category-internacional","category-nacional","category-regionales"],"jetpack_featured_media_url":"https:\/\/radiotemuco.com\/home\/wp-content\/uploads\/2022\/06\/Centro-Cultural-Padre-Las-Casas.jpg","jetpack_sharing_enabled":true,"_links":{"self":[{"href":"https:\/\/radiotemuco.com\/home\/wp-json\/wp\/v2\/posts\/13397","targetHints":{"allow":["GET"]}}],"collection":[{"href":"https:\/\/radiotemuco.com\/home\/wp-json\/wp\/v2\/posts"}],"about":[{"href":"https:\/\/radiotemuco.com\/home\/wp-json\/wp\/v2\/types\/post"}],"author":[{"embeddable":true,"href":"https:\/\/radiotemuco.com\/home\/wp-json\/wp\/v2\/users\/2"}],"replies":[{"embeddable":true,"href":"https:\/\/radiotemuco.com\/home\/wp-json\/wp\/v2\/comments?post=13397"}],"version-history":[{"count":1,"href":"https:\/\/radiotemuco.com\/home\/wp-json\/wp\/v2\/posts\/13397\/revisions"}],"predecessor-version":[{"id":13399,"href":"https:\/\/radiotemuco.com\/home\/wp-json\/wp\/v2\/posts\/13397\/revisions\/13399"}],"wp:featuredmedia":[{"embeddable":true,"href":"https:\/\/radiotemuco.com\/home\/wp-json\/wp\/v2\/media\/13398"}],"wp:attachment":[{"href":"https:\/\/radiotemuco.com\/home\/wp-json\/wp\/v2\/media?parent=13397"}],"wp:term":[{"taxonomy":"category","embeddable":true,"href":"https:\/\/radiotemuco.com\/home\/wp-json\/wp\/v2\/categories?post=13397"},{"taxonomy":"post_tag","embeddable":true,"href":"https:\/\/radiotemuco.com\/home\/wp-json\/wp\/v2\/tags?post=13397"}],"curies":[{"name":"wp","href":"https:\/\/api.w.org\/{rel}","templated":true}]}}