{"id":13186,"date":"2022-04-13T09:09:45","date_gmt":"2022-04-13T09:09:45","guid":{"rendered":"http:\/\/radiotemuco.com\/home\/?p=13186"},"modified":"2022-04-13T09:09:45","modified_gmt":"2022-04-13T09:09:45","slug":"ufro-y-municipalidad-de-collipulli-firma-convenio-de-colaboracion","status":"publish","type":"post","link":"https:\/\/radiotemuco.com\/home\/ufro-y-municipalidad-de-collipulli-firma-convenio-de-colaboracion\/","title":{"rendered":"UFRO y Municipalidad de Collipulli firma convenio de colaboraci\u00f3n"},"content":{"rendered":"<p class=\"v1MsoNormal\">En el marco de su permanente compromiso de otorgar enriquecedoras experiencias de formaci\u00f3n acad\u00e9mica y profesional a sus estudiantes, el establecimiento de v\u00ednculos con diferentes actores de la sociedad es clave para la Facultad de Ingenier\u00eda y Ciencias de la Universidad de La Frontera.<\/p>\n<p class=\"v1MsoNormal\">Con esa mirada, desde la Escuela de Ingenier\u00eda Industrial de esta Casa de Estudios evaluaron positivamente la posibilidad de formalizar un trabajo colaborativo con la Ilustre Municipalidad de Collipulli, tras el desarrollo de una serie de actividades de vinculaci\u00f3n mutua en el transcurso del 2021.<\/p>\n<p class=\"v1MsoNormal\">Como bien explica la directora de la Escuela de Ingenier\u00eda Industrial, Dra. Marjorie Morales, &#8220;este convenio se gesta a trav\u00e9s de uno de nuestros titulados, Francisco Mart\u00ednez, actual administrador municipal de Collipulli, quien se gradu\u00f3 en el 2016 de la carrera de Ingenier\u00eda Civil Industrial menci\u00f3n Mec\u00e1nica&#8221;.<\/p>\n<p class=\"v1MsoNormal\">A lo anterior, a\u00f1ade que &#8220;uno de nuestros objetivos como Escuela es fortalecer el desarrollo profesional a trav\u00e9s de actividades de acercamiento temprano a la profesi\u00f3n y la vinculaci\u00f3n con el entorno; en ese sentido, la formalizaci\u00f3n del convenio de colaboraci\u00f3n con la municipalidad de Collipulli aporta, significativamente, a nuestra labor y a la formaci\u00f3n de ingenieros industriales conectados con el territorio y la realidad regional&#8221;.<\/p>\n<p class=\"v1MsoNormal\">Es as\u00ed, como en una ceremonia celebrada en dependencias de esta Casa de Estudios, se llev\u00f3 a cabo la firma de este convenio, acuerdo que fue suscrito por el Dr. Jorge Far\u00edas, decano de la Facultad de Ingenier\u00eda y Ciencias, y Manuel Macaya, alcalde de Collipulli.<\/p>\n<p class=\"v1MsoNormal\">Principalmente, este convenio se centrar\u00e1 en la puesta en marcha de un programa de pr\u00e1cticas profesionales controladas que aporten al municipio en temas de gesti\u00f3n, sistemas de calidad y modernizaci\u00f3n de procedimientos, entre otros, y proyectos de titulaci\u00f3n de carreras afines a las labores de la municipalidad de Collipulli.<\/p>\n<p class=\"v1MsoNormal\">Este acuerdo proyecta tambi\u00e9n la posibilidad de desarrollar actividades de investigaci\u00f3n, que consideren las necesidades y requerimientos de la municipalidad de Collipulli como objetivos de desarrollo.<\/p>\n<p class=\"v1MsoNormal\">&#8220;Con este nuevo trabajo colaborativo, como Facultad estamos avanzando en nuestro prop\u00f3sito de construir una cultura de vinculaci\u00f3n bidireccional con el entorno, aportando al desarrollo econ\u00f3mico, social y cultural de \u00e9sta y, desde ah\u00ed, contribuir al mejoramiento de la calidad de vida de la comunidad, en este caso, Collipulli, adem\u00e1s de fortalecer la formaci\u00f3n de nuestras y nuestros estudiantes&#8221;, destaca en sus palabras el decano Dr. Jorge Far\u00edas.<\/p>\n<p class=\"v1MsoNormal\">Por su parte, el alcalde de Collipulli, Manuel Macaya, se\u00f1ala que &#8220;para m\u00ed, una vez m\u00e1s, es un orgullo tener un convenio de colaboraci\u00f3n con la Universidad de La Frontera que va en beneficio de nuestra comuna. A nivel nacional, somos la cuarta comuna m\u00e1s vulnerable, por lo que no me cabe la menor duda que este convenio nos va a ayudar mucho para aportar al progreso y bienestar de toda nuestra comunidad&#8221;.<\/p>\n<p class=\"v1MsoNormal\">As\u00ed, esta nueva alianza virtuosa se alinea al compromiso institucional de formar profesionales socialmente responsables, a partir de un trabajo acad\u00e9mico que vincula a las y los estudiantes con problem\u00e1ticas reales de la sociedad, invit\u00e1ndoles a contribuir en la b\u00fasqueda de soluciones desde sus respectivas \u00e1reas de formaci\u00f3n.<\/p>\n","protected":false},"excerpt":{"rendered":"<p>En el marco de su permanente compromiso de otorgar enriquecedoras experiencias de formaci\u00f3n acad\u00e9mica y profesional a sus estudiantes, el establecimiento de v\u00ednculos con diferentes actores de la sociedad es clave para la Facultad de Ingenier\u00eda y Ciencias de la Universidad de La Frontera. Con esa mirada, desde la Escuela de Ingenier\u00eda Industrial de esta Casa de Estudios evaluaron positivamente la posibilidad de formalizar un trabajo colaborativo con la Ilustre Municipalidad de Collipulli, tras el desarrollo de una serie de actividades de vinculaci\u00f3n mutua en el transcurso del 2021. Como bien explica la directora de la Escuela de Ingenier\u00eda Industrial, Dra. [&hellip;]<\/p>\n","protected":false},"author":2,"featured_media":13187,"comment_status":"closed","ping_status":"open","sticky":false,"template":"","format":"standard","meta":{"_crdt_document":"","_monsterinsights_skip_tracking":false,"_monsterinsights_sitenote_active":false,"_monsterinsights_sitenote_note":"","_monsterinsights_sitenote_category":0,"_jetpack_memberships_contains_paid_content":false,"footnotes":""},"categories":[8,7,2],"tags":[],"class_list":["post-13186","post","type-post","status-publish","format-standard","has-post-thumbnail","hentry","category-internacional","category-nacional","category-regionales"],"jetpack_featured_media_url":"https:\/\/radiotemuco.com\/home\/wp-content\/uploads\/2022\/04\/Firma-convenio-FICA-UFRO-COLLIPULLI-3.jpg","jetpack_sharing_enabled":true,"_links":{"self":[{"href":"https:\/\/radiotemuco.com\/home\/wp-json\/wp\/v2\/posts\/13186","targetHints":{"allow":["GET"]}}],"collection":[{"href":"https:\/\/radiotemuco.com\/home\/wp-json\/wp\/v2\/posts"}],"about":[{"href":"https:\/\/radiotemuco.com\/home\/wp-json\/wp\/v2\/types\/post"}],"author":[{"embeddable":true,"href":"https:\/\/radiotemuco.com\/home\/wp-json\/wp\/v2\/users\/2"}],"replies":[{"embeddable":true,"href":"https:\/\/radiotemuco.com\/home\/wp-json\/wp\/v2\/comments?post=13186"}],"version-history":[{"count":1,"href":"https:\/\/radiotemuco.com\/home\/wp-json\/wp\/v2\/posts\/13186\/revisions"}],"predecessor-version":[{"id":13188,"href":"https:\/\/radiotemuco.com\/home\/wp-json\/wp\/v2\/posts\/13186\/revisions\/13188"}],"wp:featuredmedia":[{"embeddable":true,"href":"https:\/\/radiotemuco.com\/home\/wp-json\/wp\/v2\/media\/13187"}],"wp:attachment":[{"href":"https:\/\/radiotemuco.com\/home\/wp-json\/wp\/v2\/media?parent=13186"}],"wp:term":[{"taxonomy":"category","embeddable":true,"href":"https:\/\/radiotemuco.com\/home\/wp-json\/wp\/v2\/categories?post=13186"},{"taxonomy":"post_tag","embeddable":true,"href":"https:\/\/radiotemuco.com\/home\/wp-json\/wp\/v2\/tags?post=13186"}],"curies":[{"name":"wp","href":"https:\/\/api.w.org\/{rel}","templated":true}]}}