{"id":13138,"date":"2022-04-02T22:09:23","date_gmt":"2022-04-02T22:09:23","guid":{"rendered":"http:\/\/radiotemuco.com\/home\/?p=13138"},"modified":"2022-04-02T22:09:23","modified_gmt":"2022-04-02T22:09:23","slug":"en-galvarino-se-realizo-la-entrega-oficial-del-libro-pikefuy-egun-em-tani-lof-relatos-de-mi-comunidad","status":"publish","type":"post","link":"https:\/\/radiotemuco.com\/home\/en-galvarino-se-realizo-la-entrega-oficial-del-libro-pikefuy-egun-em-tani-lof-relatos-de-mi-comunidad\/","title":{"rendered":"En Galvarino se realiz\u00f3 la entrega oficial del libro &#8220;Pikefuy Eg\u00fcn Em Ta\u00f1i Lof, Relatos de mi comunidad&#8221;"},"content":{"rendered":"<p class=\"v1MsoNormal\">Con la presencia de las familias de las comunidades\u00a0<a name=\"_Hlk99568049\"><\/a>de Pelantaro y Kurako Ranquil\u00a0de Galvarino, junto a autoridades regionales, locales y tradicionales mapuche de la comuna, se realiz\u00f3 el lanzamiento del libro\u00a0<b>&#8220;<\/b><b><span lang=\"ES\">Pikefuy Eg\u00fcn Em Ta\u00f1i Lof, Relatos de mi comunidad&#8221;<\/span><\/b><span lang=\"ES\">,<b>\u00a0<\/b><\/span><span lang=\"ES\">el cual fue<b>\u00a0<\/b><\/span>construido a partir de las historias de vida que 29 familias del Jard\u00edn Infantil Alternativo JUNJI &#8220;We Kimeltun&#8221; quienes compartieron su testimonio para su elaboraci\u00f3n con experiencias de vida y de sus antepasados.<\/p>\n<p class=\"v1MsoNormal\"><span lang=\"ES-MX\">Para Juan Pablo Orlandini, Director Regional de JUNJI Araucan\u00eda, la creaci\u00f3n de este libro significa orgullo para la Instituci\u00f3n &#8220;para la JUNJI es un gran honor poder ser un instrumento para lo que es la riqueza y el trabajo intercultural que realizan los jardines infantiles y que desde las bases curriculares hemos de desarrollar con ni\u00f1os y ni\u00f1as, especialmente en comunidades&#8221;.<\/span><\/p>\n<p class=\"v1MsoNormal\">Adem\u00e1s, en la ceremonia de lanzamiento del libro, se realiz\u00f3 un di\u00e1logo participativo donde las familias compartieron el significado del libro para ellas, junto con comentar su experiencia de ser parte del proceso creativo de \u00e9ste, como en la evocaci\u00f3n, redacci\u00f3n y representaci\u00f3n fotogr\u00e1fica y pict\u00f3rica de cada uno de los relatos que este libro contiene. As\u00ed lo manifest\u00f3 Hilda A\u00f1ihual, Apoderada del jard\u00edn infantil Alternativo &#8220;We Kimeltun&#8221;, &#8220;<span lang=\"ES-MX\">este libro para m\u00ed es muy importante, tiene un tremendo significado porque somos part\u00edcipes de \u00e9l, hemos participado recopilando la historia que nos ha contado mi suegro quien tiene 103 a\u00f1os. Como familias y como apoderados del jard\u00edn infantil nos sentimos muy orgullosos que se haya concretado esta iniciativa que las t\u00edas empezaron como un trabajo y haya llegado a realizarse as\u00ed en grande&#8221;, puntualiz\u00f3.<\/span><\/p>\n<p class=\"v1MsoNormal\">El origen del libro surgi\u00f3 mediante un diagn\u00f3stico multidimensional que se realiz\u00f3 en el jard\u00edn infantil, lo que arroj\u00f3 una p\u00e9rdida de la cultura, tradiciones y el mapudungun. Por lo que JUNJI Araucan\u00eda asesor\u00f3 y financi\u00f3 este proyecto para el rescate cultural, buscando una estrategia para conectar con las nuevas generaciones.<\/p>\n<p class=\"v1MsoNormal\">Mar\u00eda Guti\u00e9rrez, Encargada del Jard\u00edn Infantil Alternativo &#8220;We Kimeltun&#8221;, dijo que, &#8220;para nosotros como dupla educativa que el libro se haya publicado es un sue\u00f1o cumplido, es un legado que nosotros le podemos entregar a los ni\u00f1os y ni\u00f1as, a las familias porque son las memorias de ellos y que queden reflejadas en este texto, demostrando el trabajo pedag\u00f3gico con los \u00e9nfasis y valores de la JUNJI, se ve reflejado en las actividades que nosotros realizamos para que diera vida a las historias del libro&#8221;.<\/p>\n<p class=\"v1MsoNormal\">En representaci\u00f3n del Alcalde de la comuna, estuvo presente en la ceremonia de lanzamiento del libro, la Jefa del departamento de Educaci\u00f3n de Galvarino, Marcela Roa quien se\u00f1al\u00f3 que esta iniciativa, &#8220;<span lang=\"ES-MX\">refleja el esfuerzo por mantener la cultura porque nosotros en Galvarino, la cultura mapuche es el gran porcentaje de los habitantes nuestros y rescatar todas las tradiciones, como estas historias maravillosas a trav\u00e9s de los ni\u00f1os, es realmente un logro&#8221;.<\/span><\/p>\n<p class=\"v1MsoNormal\">En la ceremonia de entrega oficial del libro tambi\u00e9n se realiz\u00f3 un llellipun para pedir por el texto para que m\u00e1s personas lo puedan conocer, junto con ello, por salud y para que sea un buen a\u00f1o, para que los ni\u00f1os y ni\u00f1as tengan sabidur\u00eda y tomen los consejos de los adultos mayores. Y\u00a0<span lang=\"ES-MX\">en la actividad se hizo entrega de ejemplares del texto a las familias que participaron de este, a agentes comunitarios, redes de apoyo, y autoridades presentes, y posteriormente se entregar\u00e1 a los 126 jardines infantiles de JUNJI Araucan\u00eda, autoridades nacionales y regionales, entre otros actores relacionados a la educaci\u00f3n y la cultura mapuche.<\/span><\/p>\n","protected":false},"excerpt":{"rendered":"<p>Con la presencia de las familias de las comunidades\u00a0de Pelantaro y Kurako Ranquil\u00a0de Galvarino, junto a autoridades regionales, locales y tradicionales mapuche de la comuna, se realiz\u00f3 el lanzamiento del libro\u00a0&#8220;Pikefuy Eg\u00fcn Em Ta\u00f1i Lof, Relatos de mi comunidad&#8221;,\u00a0el cual fue\u00a0construido a partir de las historias de vida que 29 familias del Jard\u00edn Infantil Alternativo JUNJI &#8220;We Kimeltun&#8221; quienes compartieron su testimonio para su elaboraci\u00f3n con experiencias de vida y de sus antepasados. Para Juan Pablo Orlandini, Director Regional de JUNJI Araucan\u00eda, la creaci\u00f3n de este libro significa orgullo para la Instituci\u00f3n &#8220;para la JUNJI es un gran honor poder ser [&hellip;]<\/p>\n","protected":false},"author":2,"featured_media":13139,"comment_status":"closed","ping_status":"open","sticky":false,"template":"","format":"standard","meta":{"_crdt_document":"","_monsterinsights_skip_tracking":false,"_monsterinsights_sitenote_active":false,"_monsterinsights_sitenote_note":"","_monsterinsights_sitenote_category":0,"_jetpack_memberships_contains_paid_content":false,"footnotes":""},"categories":[8,7,2],"tags":[],"class_list":["post-13138","post","type-post","status-publish","format-standard","has-post-thumbnail","hentry","category-internacional","category-nacional","category-regionales"],"jetpack_featured_media_url":"https:\/\/radiotemuco.com\/home\/wp-content\/uploads\/2022\/04\/Captura-de-Pantalla-2022-04-02-a-las-19.08.25.png","jetpack_sharing_enabled":true,"_links":{"self":[{"href":"https:\/\/radiotemuco.com\/home\/wp-json\/wp\/v2\/posts\/13138","targetHints":{"allow":["GET"]}}],"collection":[{"href":"https:\/\/radiotemuco.com\/home\/wp-json\/wp\/v2\/posts"}],"about":[{"href":"https:\/\/radiotemuco.com\/home\/wp-json\/wp\/v2\/types\/post"}],"author":[{"embeddable":true,"href":"https:\/\/radiotemuco.com\/home\/wp-json\/wp\/v2\/users\/2"}],"replies":[{"embeddable":true,"href":"https:\/\/radiotemuco.com\/home\/wp-json\/wp\/v2\/comments?post=13138"}],"version-history":[{"count":1,"href":"https:\/\/radiotemuco.com\/home\/wp-json\/wp\/v2\/posts\/13138\/revisions"}],"predecessor-version":[{"id":13140,"href":"https:\/\/radiotemuco.com\/home\/wp-json\/wp\/v2\/posts\/13138\/revisions\/13140"}],"wp:featuredmedia":[{"embeddable":true,"href":"https:\/\/radiotemuco.com\/home\/wp-json\/wp\/v2\/media\/13139"}],"wp:attachment":[{"href":"https:\/\/radiotemuco.com\/home\/wp-json\/wp\/v2\/media?parent=13138"}],"wp:term":[{"taxonomy":"category","embeddable":true,"href":"https:\/\/radiotemuco.com\/home\/wp-json\/wp\/v2\/categories?post=13138"},{"taxonomy":"post_tag","embeddable":true,"href":"https:\/\/radiotemuco.com\/home\/wp-json\/wp\/v2\/tags?post=13138"}],"curies":[{"name":"wp","href":"https:\/\/api.w.org\/{rel}","templated":true}]}}