{"id":12463,"date":"2021-09-01T20:41:03","date_gmt":"2021-09-01T20:41:03","guid":{"rendered":"http:\/\/radiotemuco.com\/home\/?p=12463"},"modified":"2021-09-01T20:41:03","modified_gmt":"2021-09-01T20:41:03","slug":"carabineros-de-la-araucania-conmemoro-el-dia-del-suboficial-mayor","status":"publish","type":"post","link":"https:\/\/radiotemuco.com\/home\/carabineros-de-la-araucania-conmemoro-el-dia-del-suboficial-mayor\/","title":{"rendered":"Carabineros de La Araucan\u00eda conmemor\u00f3 el D\u00eda del Suboficial Mayor"},"content":{"rendered":"<p>El momento m\u00e1s emotivo de la ceremonia, estuvo marcado por la entrega de reconocimientos a la viuda e hijos del m\u00e1rtir, Suboficial Mayor Eugenio Na\u00edn Caniumil; y a la viuda del Suboficial Mayor, John Viveros Catal\u00e1n.<\/p>\n<p>\u201cSomos una familia llamada Carabineros de Chile y eso es lo que debe perseverar\u201d. Con estas palabras, el General C\u00e9sar Bobadilla, Jefe de la IX Zona de Carabineros \u201cAraucan\u00eda\u201d, cerr\u00f3 la tradicional ceremonia del D\u00eda del Suboficial Mayor, realizada este mi\u00e9rcoles en la Escuela de Formaci\u00f3n de Carabineros en Temuco.<\/p>\n<p>Como cada d\u00eda 1 de Septiembre e iniciando las actividades del Mes de la Patria, se conmemora a quienes han cumplido m\u00e1s de 30 a\u00f1os al servicio del pa\u00eds en la Instituci\u00f3n de las Carabinas Cruzadas, en una ceremonia llena de simbolismos y emotividad.<\/p>\n<p>\u201cSomos una familia, una tremenda Instituci\u00f3n. En nombre de nuestro General Director quiero felicitarlos. Como se los dije personalmente a cada uno de ustedes, el galard\u00f3n, la piocha, el ascenso, la gorra que hoy d\u00eda significa esa condici\u00f3n de Suboficial Mayor a nadie se le regala. Es lo que ustedes se merecen, se lo ganaron con entrega, con profesionalismo, con vocaci\u00f3n, con gran sacrificio y no solamente de ustedes sino que tambi\u00e9n de las personas que los acompa\u00f1an, de sus esposas, de sus hijos, de sus padres. Somos una familia llamada Carabineros de Chile y eso es lo que debe perseverar\u201d, expres\u00f3 el General C\u00e9sar Bobadilla.<\/p>\n<p>En la oportunidad, se entreg\u00f3 un galvano y bot\u00f3n recordatorio a los Suboficiales Mayores que se acogieron a retiro. En tanto, a los Suboficiales Mayores activos y a quienes ascendieron al m\u00e1ximo grado en su carrera profesional, recibieron la medalla Honor y Lealtad y la Banderola de Mando, respectivamente.<\/p>\n<p>El momento m\u00e1s emotivo de la ceremonia, que convoc\u00f3 tanto a funcionarios de la IX Zona \u201cAraucan\u00eda\u201d como de la Macrozona Sur Control Orden P\u00fablico e Intervenci\u00f3n, estuvo marcado por la entrega de reconocimientos a la viuda e hijos del m\u00e1rtir, Suboficial Mayor Eugenio Na\u00edn Caniumil; y a la viuda del Suboficial Mayor, John Viveros Catal\u00e1n, querido funcionario de la 8\u00aa Comisar\u00eda \u201cTemuco\u201d quien falleci\u00f3 aquejado de una grave enfermedad.<\/p>\n","protected":false},"excerpt":{"rendered":"<p>El momento m\u00e1s emotivo de la ceremonia, estuvo marcado por la entrega de reconocimientos a la viuda e hijos del m\u00e1rtir, Suboficial Mayor Eugenio Na\u00edn Caniumil; y a la viuda del Suboficial Mayor, John Viveros Catal\u00e1n. \u201cSomos una familia llamada Carabineros de Chile y eso es lo que debe perseverar\u201d. Con estas palabras, el General C\u00e9sar Bobadilla, Jefe de la IX Zona de Carabineros \u201cAraucan\u00eda\u201d, cerr\u00f3 la tradicional ceremonia del D\u00eda del Suboficial Mayor, realizada este mi\u00e9rcoles en la Escuela de Formaci\u00f3n de Carabineros en Temuco. Como cada d\u00eda 1 de Septiembre e iniciando las actividades del Mes de la Patria, [&hellip;]<\/p>\n","protected":false},"author":2,"featured_media":12464,"comment_status":"closed","ping_status":"open","sticky":false,"template":"","format":"standard","meta":{"_crdt_document":"","_monsterinsights_skip_tracking":false,"_monsterinsights_sitenote_active":false,"_monsterinsights_sitenote_note":"","_monsterinsights_sitenote_category":0,"_jetpack_memberships_contains_paid_content":false,"footnotes":""},"categories":[8,7,2],"tags":[],"class_list":["post-12463","post","type-post","status-publish","format-standard","has-post-thumbnail","hentry","category-internacional","category-nacional","category-regionales"],"jetpack_featured_media_url":"https:\/\/radiotemuco.com\/home\/wp-content\/uploads\/2021\/09\/Ceremonia-reconocimiento-viuda-som-nain.jpg","jetpack_sharing_enabled":true,"_links":{"self":[{"href":"https:\/\/radiotemuco.com\/home\/wp-json\/wp\/v2\/posts\/12463","targetHints":{"allow":["GET"]}}],"collection":[{"href":"https:\/\/radiotemuco.com\/home\/wp-json\/wp\/v2\/posts"}],"about":[{"href":"https:\/\/radiotemuco.com\/home\/wp-json\/wp\/v2\/types\/post"}],"author":[{"embeddable":true,"href":"https:\/\/radiotemuco.com\/home\/wp-json\/wp\/v2\/users\/2"}],"replies":[{"embeddable":true,"href":"https:\/\/radiotemuco.com\/home\/wp-json\/wp\/v2\/comments?post=12463"}],"version-history":[{"count":1,"href":"https:\/\/radiotemuco.com\/home\/wp-json\/wp\/v2\/posts\/12463\/revisions"}],"predecessor-version":[{"id":12465,"href":"https:\/\/radiotemuco.com\/home\/wp-json\/wp\/v2\/posts\/12463\/revisions\/12465"}],"wp:featuredmedia":[{"embeddable":true,"href":"https:\/\/radiotemuco.com\/home\/wp-json\/wp\/v2\/media\/12464"}],"wp:attachment":[{"href":"https:\/\/radiotemuco.com\/home\/wp-json\/wp\/v2\/media?parent=12463"}],"wp:term":[{"taxonomy":"category","embeddable":true,"href":"https:\/\/radiotemuco.com\/home\/wp-json\/wp\/v2\/categories?post=12463"},{"taxonomy":"post_tag","embeddable":true,"href":"https:\/\/radiotemuco.com\/home\/wp-json\/wp\/v2\/tags?post=12463"}],"curies":[{"name":"wp","href":"https:\/\/api.w.org\/{rel}","templated":true}]}}