{"id":10807,"date":"2021-01-11T16:53:24","date_gmt":"2021-01-11T16:53:24","guid":{"rendered":"http:\/\/radiotemuco.com\/home\/?p=10807"},"modified":"2021-01-11T16:53:24","modified_gmt":"2021-01-11T16:53:24","slug":"la-comuna-de-temuco-vuelve-a-su-tercera-cuarentena-a-partir-de-este-jueves","status":"publish","type":"post","link":"https:\/\/radiotemuco.com\/home\/la-comuna-de-temuco-vuelve-a-su-tercera-cuarentena-a-partir-de-este-jueves\/","title":{"rendered":"La comuna de Temuco vuelve a su tercera cuarentena a partir de este jueves"},"content":{"rendered":"<p>El ministerio de Salud inform\u00f3 que vuelven a cuarentena las comunas de Temuco, Renaico, Galvarino y Victoria en La Regi\u00f3n. De esta forma, la capital de La Araucan\u00eda entra en su tercera cuarentena a partir de este jueves 14 de enero a las 05:00 horas.<\/p>\n<p>Las comunas restantes que retroceden a las etapa antes se\u00f1alada son: Renaico, Galvarino y Victoria. Gorbea retrocede a fase de Transici\u00f3n mientras que Lautaro avanza a transici\u00f3n.<\/p>\n<p>En el orden nacional, 25 comunas retroceden a cuarentena de ocho regiones del pa\u00eds.<\/p>\n<p><img fetchpriority=\"high\" decoding=\"async\" src=\"https:\/\/radiotemuco.com\/home\/wp-content\/uploads\/2021\/01\/2-1.jpg\" alt=\"\" width=\"940\" height=\"788\" class=\"alignnone size-full wp-image-10809\" srcset=\"https:\/\/radiotemuco.com\/home\/wp-content\/uploads\/2021\/01\/2-1.jpg 940w, https:\/\/radiotemuco.com\/home\/wp-content\/uploads\/2021\/01\/2-1-768x644.jpg 768w\" sizes=\"(max-width: 940px) 100vw, 940px\" \/><\/p>\n","protected":false},"excerpt":{"rendered":"<p>El ministerio de Salud inform\u00f3 que vuelven a cuarentena las comunas de Temuco, Renaico, Galvarino y Victoria en La Regi\u00f3n. De esta forma, la capital de La Araucan\u00eda entra en su tercera cuarentena a partir de este jueves 14 de enero a las 05:00 horas. Las comunas restantes que retroceden a las etapa antes se\u00f1alada son: Renaico, Galvarino y Victoria. Gorbea retrocede a fase de Transici\u00f3n mientras que Lautaro avanza a transici\u00f3n. En el orden nacional, 25 comunas retroceden a cuarentena de ocho regiones del pa\u00eds.<\/p>\n","protected":false},"author":2,"featured_media":10808,"comment_status":"closed","ping_status":"open","sticky":false,"template":"","format":"standard","meta":{"_crdt_document":"","_monsterinsights_skip_tracking":false,"_monsterinsights_sitenote_active":false,"_monsterinsights_sitenote_note":"","_monsterinsights_sitenote_category":0,"_jetpack_memberships_contains_paid_content":false,"footnotes":""},"categories":[8,7,2],"tags":[],"class_list":["post-10807","post","type-post","status-publish","format-standard","has-post-thumbnail","hentry","category-internacional","category-nacional","category-regionales"],"jetpack_featured_media_url":"https:\/\/radiotemuco.com\/home\/wp-content\/uploads\/2021\/01\/1-2.jpg","jetpack_sharing_enabled":true,"_links":{"self":[{"href":"https:\/\/radiotemuco.com\/home\/wp-json\/wp\/v2\/posts\/10807","targetHints":{"allow":["GET"]}}],"collection":[{"href":"https:\/\/radiotemuco.com\/home\/wp-json\/wp\/v2\/posts"}],"about":[{"href":"https:\/\/radiotemuco.com\/home\/wp-json\/wp\/v2\/types\/post"}],"author":[{"embeddable":true,"href":"https:\/\/radiotemuco.com\/home\/wp-json\/wp\/v2\/users\/2"}],"replies":[{"embeddable":true,"href":"https:\/\/radiotemuco.com\/home\/wp-json\/wp\/v2\/comments?post=10807"}],"version-history":[{"count":1,"href":"https:\/\/radiotemuco.com\/home\/wp-json\/wp\/v2\/posts\/10807\/revisions"}],"predecessor-version":[{"id":10810,"href":"https:\/\/radiotemuco.com\/home\/wp-json\/wp\/v2\/posts\/10807\/revisions\/10810"}],"wp:featuredmedia":[{"embeddable":true,"href":"https:\/\/radiotemuco.com\/home\/wp-json\/wp\/v2\/media\/10808"}],"wp:attachment":[{"href":"https:\/\/radiotemuco.com\/home\/wp-json\/wp\/v2\/media?parent=10807"}],"wp:term":[{"taxonomy":"category","embeddable":true,"href":"https:\/\/radiotemuco.com\/home\/wp-json\/wp\/v2\/categories?post=10807"},{"taxonomy":"post_tag","embeddable":true,"href":"https:\/\/radiotemuco.com\/home\/wp-json\/wp\/v2\/tags?post=10807"}],"curies":[{"name":"wp","href":"https:\/\/api.w.org\/{rel}","templated":true}]}}