{"id":10804,"date":"2021-01-11T09:41:05","date_gmt":"2021-01-11T09:41:05","guid":{"rendered":"http:\/\/radiotemuco.com\/home\/?p=10804"},"modified":"2021-01-11T09:41:05","modified_gmt":"2021-01-11T09:41:05","slug":"guias-boteros-de-la-cuenca-del-rio-tolten-recibieron-certificacion-en-primeros-auxilios","status":"publish","type":"post","link":"https:\/\/radiotemuco.com\/home\/guias-boteros-de-la-cuenca-del-rio-tolten-recibieron-certificacion-en-primeros-auxilios\/","title":{"rendered":"Gu\u00edas boteros de la cuenca del r\u00edo Tolt\u00e9n recibieron certificaci\u00f3n en primeros auxilios"},"content":{"rendered":"<p>Representantes de las comunas de Teodoro Schmidt, Tolt\u00e9n, Villarrica, Puc\u00f3n, Pitrufqu\u00e9n, Freire y Cunco participaron de la ceremonia desarrollada en el Pabell\u00f3n Araucan\u00eda y que significa un nuevo paso a la profesionalizaci\u00f3n de la actividad. <\/p>\n<p>La pesca recreativa tiene una amplia demanda en la regi\u00f3n y por este motivo, en el marco de la gesti\u00f3n de proyectos para organizaciones sociales de La Araucan\u00eda, la Corporaci\u00f3n de Desarrollo Araucan\u00eda, en conjunto con la<br \/>\nmesa de pesca recreativa de la Cuenca del R\u00edo Tolt\u00e9n, detectaron la gran necesidad que las personas dedicadas a la actividad contar\u00e1n con conocimientos de primeros auxilios para abordar situaciones de riesgo durante sus extensas jornadas.<\/p>\n<p>La capacitaci\u00f3n, te\u00f3rico pr\u00e1ctica, estuvo centrada en el manejo, cuidados y t\u00e9cnicas de uso del equipamiento de primeros auxilios y fue dirigido para 55 personas del rubro de la pesca deportiva de las comunas de Teodoro Schmidt, Tolt\u00e9n, Villarrica, Puc\u00f3n, Pitrufqu\u00e9n, Freire y Cunco.<\/p>\n<p>Y para cerrar de mejor manera este importante proceso, el Pabell\u00f3n Araucan\u00eda fue el escenario de la entrega de certificados para los representantes de las comunas participantes, instancia que adem\u00e1s cont\u00f3 con la presencia del gerente (I) de la Corporaci\u00f3n de Desarrollo Araucan\u00eda, Ra\u00fal S\u00e1ez, adem\u00e1s del representante del Sence Araucan\u00eda, Luis Garc\u00eda, y del profesional del Sernatur Araucan\u00eda, Cristian Caniuleo.<\/p>\n<p>Alejandro Jim\u00e9nez represent\u00f3 a la comuna de Pitrufqu\u00e9n en la jornada y destac\u00f3 la importancia de la iniciativa para su rubro.<\/p>\n<p>\u201cSoy gu\u00eda hace 30 a\u00f1os y solo puedo agradecer el apoyo de la Corporaci\u00f3n de Desarrollo Araucan\u00eda porque queremos seguir capacit\u00e1ndonos para sacar adelante una actividad que es hermosa, que nos gusta y que queremos mostrar al mundo. En la cuenca hay un turismo maravilloso y solo me queda dar las gracias por la oportunidad\u201d, explic\u00f3 Jim\u00e9nez, quien es due\u00f1o de la empresa \u201cTolt\u00e9n Aventura\u201d.<\/p>\n<p>Compromiso Regional <\/p>\n<p>El curso cont\u00f3 con 16 horas pedag\u00f3gicas, distribuidas en 8 horas te\u00f3ricas, todas abordadas de forma remota y donde se crearon c\u00e1psulas de aprendizaje y un manual digital. Posteriormente, se realizaron 8 horas pr\u00e1cticas, guiadas de forma presencial y simulando situaciones de primeros auxilios en terreno.<\/p>\n<p>\u201cEstamos felices de apoyar a los boteros de la cuenca del r\u00edo Tolt\u00e9n, donde est\u00e1n reunidas varias comunas de la regi\u00f3n, y que hoy avanzan de manera significativa con esta certificaci\u00f3n que naci\u00f3 gracias al apoyo de la<br \/>\ncorporaci\u00f3n, Sence y tambi\u00e9n Sernatur Araucan\u00eda. Se tomaron todos los resguardos en el curso, el que creemos fue un gran acierto para el impulso del territorio\u201d, indic\u00f3 el gerente (I) Ra\u00fal S\u00e1ez.<\/p>\n<p>En la cita tambi\u00e9n recibieron sus diplomas V\u00edctor Bulnes (Villarrica), Paul Nappe (Puc\u00f3n), H\u00e9ctor Espinoza (Freire), Mat\u00edas Haber (Cunco), Yonathan Contreras (Tolt\u00e9n) y Luis Curilaf (Teodoro Schmidt).<\/p>\n","protected":false},"excerpt":{"rendered":"<p>Representantes de las comunas de Teodoro Schmidt, Tolt\u00e9n, Villarrica, Puc\u00f3n, Pitrufqu\u00e9n, Freire y Cunco participaron de la ceremonia desarrollada en el Pabell\u00f3n Araucan\u00eda y que significa un nuevo paso a la profesionalizaci\u00f3n de la actividad. La pesca recreativa tiene una amplia demanda en la regi\u00f3n y por este motivo, en el marco de la gesti\u00f3n de proyectos para organizaciones sociales de La Araucan\u00eda, la Corporaci\u00f3n de Desarrollo Araucan\u00eda, en conjunto con la mesa de pesca recreativa de la Cuenca del R\u00edo Tolt\u00e9n, detectaron la gran necesidad que las personas dedicadas a la actividad contar\u00e1n con conocimientos de primeros auxilios para abordar [&hellip;]<\/p>\n","protected":false},"author":2,"featured_media":10805,"comment_status":"closed","ping_status":"open","sticky":false,"template":"","format":"standard","meta":{"_crdt_document":"","_monsterinsights_skip_tracking":false,"_monsterinsights_sitenote_active":false,"_monsterinsights_sitenote_note":"","_monsterinsights_sitenote_category":0,"_jetpack_memberships_contains_paid_content":false,"footnotes":""},"categories":[8,7,2],"tags":[],"class_list":["post-10804","post","type-post","status-publish","format-standard","has-post-thumbnail","hentry","category-internacional","category-nacional","category-regionales"],"jetpack_featured_media_url":"https:\/\/radiotemuco.com\/home\/wp-content\/uploads\/2021\/01\/6.jpg","jetpack_sharing_enabled":true,"_links":{"self":[{"href":"https:\/\/radiotemuco.com\/home\/wp-json\/wp\/v2\/posts\/10804","targetHints":{"allow":["GET"]}}],"collection":[{"href":"https:\/\/radiotemuco.com\/home\/wp-json\/wp\/v2\/posts"}],"about":[{"href":"https:\/\/radiotemuco.com\/home\/wp-json\/wp\/v2\/types\/post"}],"author":[{"embeddable":true,"href":"https:\/\/radiotemuco.com\/home\/wp-json\/wp\/v2\/users\/2"}],"replies":[{"embeddable":true,"href":"https:\/\/radiotemuco.com\/home\/wp-json\/wp\/v2\/comments?post=10804"}],"version-history":[{"count":1,"href":"https:\/\/radiotemuco.com\/home\/wp-json\/wp\/v2\/posts\/10804\/revisions"}],"predecessor-version":[{"id":10806,"href":"https:\/\/radiotemuco.com\/home\/wp-json\/wp\/v2\/posts\/10804\/revisions\/10806"}],"wp:featuredmedia":[{"embeddable":true,"href":"https:\/\/radiotemuco.com\/home\/wp-json\/wp\/v2\/media\/10805"}],"wp:attachment":[{"href":"https:\/\/radiotemuco.com\/home\/wp-json\/wp\/v2\/media?parent=10804"}],"wp:term":[{"taxonomy":"category","embeddable":true,"href":"https:\/\/radiotemuco.com\/home\/wp-json\/wp\/v2\/categories?post=10804"},{"taxonomy":"post_tag","embeddable":true,"href":"https:\/\/radiotemuco.com\/home\/wp-json\/wp\/v2\/tags?post=10804"}],"curies":[{"name":"wp","href":"https:\/\/api.w.org\/{rel}","templated":true}]}}