{"id":10760,"date":"2021-01-05T09:20:50","date_gmt":"2021-01-05T09:20:50","guid":{"rendered":"http:\/\/radiotemuco.com\/home\/?p=10760"},"modified":"2021-01-05T09:31:19","modified_gmt":"2021-01-05T09:31:19","slug":"sence-inicio-postulaciones-a-fondo-concursable-para-capacitacion","status":"publish","type":"post","link":"https:\/\/radiotemuco.com\/home\/sence-inicio-postulaciones-a-fondo-concursable-para-capacitacion\/","title":{"rendered":"Sence inici\u00f3 postulaciones a fondo concursable para capacitaci\u00f3n"},"content":{"rendered":"<p>Hasta el pr\u00f3ximo 17 de enero, a las 14:00 horas, las instituciones sin fines de lucro podr\u00e1n postular al Fondo Concursable de Capacitaci\u00f3n 2021 del Sence, iniciativa realizada por medio de su programa Becas Laborales. El director regional del Sence, Ernesto Salazar, dio a conocer los detalles del concurso al que pueden participar diferentes agrupaciones que tengan necesidad de capacitaci\u00f3n de acuerdo a sus caracter\u00edsticas particulares. \u201cEsta es una oportunidad para que las organizaciones que habitualmente no pueden acceder a programas de capacitaci\u00f3n del Sence puedan realizar propuestas, con la finalidad de mejorar las competencias laborales de sus integrantes. <\/p>\n<p>Se pueden postular cursos entre 8 y 300 horas de formaci\u00f3n, lo que permite desarrollar un aprendizaje bastante completo\u201d, explic\u00f3 Salazar. Pueden postular a este fondo instituciones sin fines de lucro con personalidad jur\u00eddica como fundaciones, corporaciones, cooperativas, asociaciones ind\u00edgenas, comunidades ind\u00edgenas, asociaciones gremiales, organizaciones sindicales o municipios.<\/p>\n<p>Todas las entidades requirentes podr\u00e1n participar en las tres l\u00edneas del programa: emprendimiento y microempresa; trabajadores activos y en reconversi\u00f3n laboral; e inclusi\u00f3n laboral. Los beneficios para los seleccionados son capacitaci\u00f3n gratuita  y un subsidio diario de $3.000 para el alumno\/a por d\u00eda asistido a clases durante la fase lectiva y pr\u00e1ctica laboral, junto a un seguro de accidentes para cada participante.<\/p>\n<p>Seg\u00fan el programa presentado se podr\u00e1 acceder tambi\u00e9n a un subsidio de herramientas de $200.000 por alumno\/a, y a un subsidio para certificaciones y\/o licencias habilitantes para el oficio. Las entidades requirentes deben postular en l\u00ednea en el sitio web www.sence.cl o https:\/\/sistemas.sence.cl\/fondosconcursables\/, sin necesidad de realizar tr\u00e1mites presenciales.<\/p>\n","protected":false},"excerpt":{"rendered":"<p>Hasta el pr\u00f3ximo 17 de enero, a las 14:00 horas, las instituciones sin fines de lucro podr\u00e1n postular al Fondo Concursable de Capacitaci\u00f3n 2021 del Sence, iniciativa realizada por medio de su programa Becas Laborales. El director regional del Sence, Ernesto Salazar, dio a conocer los detalles del concurso al que pueden participar diferentes agrupaciones que tengan necesidad de capacitaci\u00f3n de acuerdo a sus caracter\u00edsticas particulares. \u201cEsta es una oportunidad para que las organizaciones que habitualmente no pueden acceder a programas de capacitaci\u00f3n del Sence puedan realizar propuestas, con la finalidad de mejorar las competencias laborales de sus integrantes. Se pueden [&hellip;]<\/p>\n","protected":false},"author":2,"featured_media":10761,"comment_status":"closed","ping_status":"open","sticky":false,"template":"","format":"standard","meta":{"_crdt_document":"","_monsterinsights_skip_tracking":false,"_monsterinsights_sitenote_active":false,"_monsterinsights_sitenote_note":"","_monsterinsights_sitenote_category":0,"_jetpack_memberships_contains_paid_content":false,"footnotes":""},"categories":[8,7,2],"tags":[],"class_list":["post-10760","post","type-post","status-publish","format-standard","has-post-thumbnail","hentry","category-internacional","category-nacional","category-regionales"],"jetpack_featured_media_url":"https:\/\/radiotemuco.com\/home\/wp-content\/uploads\/2021\/01\/4.jpg","jetpack_sharing_enabled":true,"_links":{"self":[{"href":"https:\/\/radiotemuco.com\/home\/wp-json\/wp\/v2\/posts\/10760","targetHints":{"allow":["GET"]}}],"collection":[{"href":"https:\/\/radiotemuco.com\/home\/wp-json\/wp\/v2\/posts"}],"about":[{"href":"https:\/\/radiotemuco.com\/home\/wp-json\/wp\/v2\/types\/post"}],"author":[{"embeddable":true,"href":"https:\/\/radiotemuco.com\/home\/wp-json\/wp\/v2\/users\/2"}],"replies":[{"embeddable":true,"href":"https:\/\/radiotemuco.com\/home\/wp-json\/wp\/v2\/comments?post=10760"}],"version-history":[{"count":2,"href":"https:\/\/radiotemuco.com\/home\/wp-json\/wp\/v2\/posts\/10760\/revisions"}],"predecessor-version":[{"id":10766,"href":"https:\/\/radiotemuco.com\/home\/wp-json\/wp\/v2\/posts\/10760\/revisions\/10766"}],"wp:featuredmedia":[{"embeddable":true,"href":"https:\/\/radiotemuco.com\/home\/wp-json\/wp\/v2\/media\/10761"}],"wp:attachment":[{"href":"https:\/\/radiotemuco.com\/home\/wp-json\/wp\/v2\/media?parent=10760"}],"wp:term":[{"taxonomy":"category","embeddable":true,"href":"https:\/\/radiotemuco.com\/home\/wp-json\/wp\/v2\/categories?post=10760"},{"taxonomy":"post_tag","embeddable":true,"href":"https:\/\/radiotemuco.com\/home\/wp-json\/wp\/v2\/tags?post=10760"}],"curies":[{"name":"wp","href":"https:\/\/api.w.org\/{rel}","templated":true}]}}